{"id":498779,"date":"2017-09-08T10:12:52","date_gmt":"2017-09-08T15:12:52","guid":{"rendered":"https:\/\/www.futboltotal.com.mx\/?p=498779"},"modified":"2017-09-08T12:51:10","modified_gmt":"2017-09-08T17:51:10","slug":"un-historico-de-argentina-cuelga-los-botines","status":"publish","type":"post","link":"http:\/\/desarrollo.grupomedios.com\/futbol\/futbol-internacional\/un-historico-de-argentina-cuelga-los-botines\/2017\/09","title":{"rendered":"Un hist\u00f3rico de Argentina cuelga los botines"},"content":{"rendered":"<p>Formado en las inferiores de <strong>Argentinos Junior<\/strong> y debutado en 1996 con el equipo B del <strong>Real Madrid<\/strong>, <strong>Esteban Cambiasso<\/strong> ha anunciado oficialmente su retiro de las canchas a los 37 a\u00f1os de edad.<\/p>\n<p>Despu\u00e9s de dos a\u00f1os con el equipo B de\u00a0<em><strong>los blancos<\/strong>\u00a0<\/em>regres\u00f3 a su pa\u00eds para jugar con <strong>Independiente<\/strong> y posteriormente jugar con <strong>River Plate<\/strong>; en 2002 fich\u00f3 por el Real Madrid para jugar con el primer equipo y al llegar se coron\u00f3\u00a0inmediatamente al conseguir la <strong>Supercopa de Europa.<\/strong><\/p>\n<p style=\"text-align: center;\"><span style=\"color: #333399;\"><a style=\"color: #333399;\" href=\"https:\/\/www.futboltotal.com.mx\/2017\/09\/eligen-a-charlyn-corral-mejor-jugadora-de-la-jornada-1-en-espana\/\" target=\"_blank\" rel=\"noopener noreferrer\">VER M\u00c1S: Charlyn Corral la mejor de la Jornada 1 en la Liga femenil de Espa\u00f1a\u00a0<\/a><\/span><\/p>\n<p>En esa temporada jug\u00f3 24 partidos adem\u00e1s de ser campe\u00f3n de<strong> Liga<\/strong>, la <strong>Copa Intercontinental<\/strong> as\u00ed como una <strong>Supercopa de Espa\u00f1a.<\/strong><\/p>\n<p>Dos a\u00f1os despu\u00e9s, en <strong>2004<\/strong>, fich\u00f3 por el <strong>Inter de Mil\u00e1n<\/strong> donde su carrera despegar\u00eda, en el club italiano permaneci\u00f3 durante 10 a\u00f1os y fue factor importante para los t\u00edtulos que disput\u00f3 y gan\u00f3 el conjunto italiano entre los que destacan, una <strong>Champions League<\/strong>, cinco campeonatos de <strong>Serie A<\/strong>, cuatro copas italianas y tambi\u00e9n cuatro supercopas.<\/p>\n<p>En 2014 su carrera continuar\u00eda en el Leicester City con quienes estuvo durante un a\u00f1o antes de ser traspasado al <strong>Olympiakos<\/strong> de Grecia donde finalmente tras 3 temporadas terminar\u00eda su carrera.<\/p>\n<p>Con la selecci\u00f3n de Argentina,\u00a0<em><strong>el Cucho<\/strong>,\u00a0<\/em> particip\u00f3 en 1995 en el Mundial sub 17, campe\u00f3n del Mundial sub 17 de 1997 ante Uruguay, y particip\u00f3 tambi\u00e9n en la sub 20 de 1999. Con la definitiva,\u00a0es el \u00fanico argentino en marcar goles en cuatro mundiales diferentes, contando tanto selecciones inferiores como absoluta algo que solo hab\u00eda conseguido <strong>Diego Armando Maradona<\/strong>.<\/p>\n<p>74 apariciones con la <strong><em>albiceleste<\/em><\/strong> mayor en la que destaca su participaci\u00f3n en el Mundial de 2006 y el subcampeonato de la Confederaciones 2005.<\/p>\n<p><strong>Cambiasso<\/strong> aprob\u00f3 el curso de t\u00e9cnico profesional dirigido por la UEFA y puede entrenar tanto equipos juveniles como ser segundo entrenador de Primera y Segunda divisi\u00f3n, aunque la prensa helena asegura que empezar\u00e1 a ejercer de director t\u00e9cnico.<\/p>\n","protected":false},"excerpt":{"rendered":"<p>El Cucho cuelga los botines despu\u00e9s de m\u00e1s de 20 a\u00f1os como profesional <\/p>\n","protected":false},"author":20,"featured_media":498799,"comment_status":"closed","ping_status":"closed","sticky":false,"template":"","format":"standard","meta":[],"categories":[3839],"tags":[5996,3411,2692],"_links":{"self":[{"href":"http:\/\/desarrollo.grupomedios.com\/futbol\/wp-json\/wp\/v2\/posts\/498779"}],"collection":[{"href":"http:\/\/desarrollo.grupomedios.com\/futbol\/wp-json\/wp\/v2\/posts"}],"about":[{"href":"http:\/\/desarrollo.grupomedios.com\/futbol\/wp-json\/wp\/v2\/types\/post"}],"author":[{"embeddable":true,"href":"http:\/\/desarrollo.grupomedios.com\/futbol\/wp-json\/wp\/v2\/users\/20"}],"replies":[{"embeddable":true,"href":"http:\/\/desarrollo.grupomedios.com\/futbol\/wp-json\/wp\/v2\/comments?post=498779"}],"version-history":[{"count":3,"href":"http:\/\/desarrollo.grupomedios.com\/futbol\/wp-json\/wp\/v2\/posts\/498779\/revisions"}],"predecessor-version":[{"id":498802,"href":"http:\/\/desarrollo.grupomedios.com\/futbol\/wp-json\/wp\/v2\/posts\/498779\/revisions\/498802"}],"wp:featuredmedia":[{"embeddable":true,"href":"http:\/\/desarrollo.grupomedios.com\/futbol\/wp-json\/wp\/v2\/media\/498799"}],"wp:attachment":[{"href":"http:\/\/desarrollo.grupomedios.com\/futbol\/wp-json\/wp\/v2\/media?parent=498779"}],"wp:term":[{"taxonomy":"category","embeddable":true,"href":"http:\/\/desarrollo.grupomedios.com\/futbol\/wp-json\/wp\/v2\/categories?post=498779"},{"taxonomy":"post_tag","embeddable":true,"href":"http:\/\/desarrollo.grupomedios.com\/futbol\/wp-json\/wp\/v2\/tags?post=498779"}],"curies":[{"name":"wp","href":"https:\/\/api.w.org\/{rel}","templated":true}]}}