{"id":498794,"date":"2017-09-08T10:04:29","date_gmt":"2017-09-08T15:04:29","guid":{"rendered":"https:\/\/www.futboltotal.com.mx\/?p=498794"},"modified":"2017-09-08T12:32:11","modified_gmt":"2017-09-08T17:32:11","slug":"alan-pulido-presenta-rodaje-la-pelicula-chivas","status":"publish","type":"post","link":"http:\/\/desarrollo.grupomedios.com\/futbol\/videos\/alan-pulido-presenta-rodaje-la-pelicula-chivas\/2017\/09","title":{"rendered":"Alan Pulido presenta rodaje de la pel\u00edcula de Chivas"},"content":{"rendered":"<p><strong>Alan Pulido<\/strong> present\u00f3 un detr\u00e1s de c\u00e1maras de lo que ser\u00e1 la pel\u00edcula de <strong>Chivas<\/strong>, en donde se inmortalizar\u00e1 el campeonato obtenido recientemente en el <strong>Clausura 2017<\/strong>.<\/p>\n<p>A trav\u00e9s de sus redes sociales mostr\u00f3 un &#8216;detr\u00e1s de c\u00e1maras&#8217; en donde aparece el delantero del <strong>Reba\u00f1o<\/strong> en la filmaci\u00f3n.<\/p>\n<p style=\"text-align: center;\"><span style=\"color: #333399;\"><a style=\"color: #333399;\" href=\"https:\/\/www.futboltotal.com.mx\/2017\/09\/thibaut-courtois-anota-gol-a-lo-zlatan-y-sorprende-a-todos\/\" target=\"_blank\" rel=\"noopener noreferrer\">VER M\u00c1S: Portero del Chelsea anota a lo Zlatan y sorprende a todos<\/a><\/span><\/p>\n<p><strong>Amaury Vergara<\/strong>, hijo de J<strong>orge Vergara<\/strong>, es el encargado de realizar la cinta sobre el equipo. Amaury estudi\u00f3 en la\u00a0Escuela de Cine de Nueva York y es el fundador de <strong>Chivas TV<\/strong>.<\/p>\n<p class=\"p1 selectionShareable\">Pulido se encuentra todav\u00eda rehabilit\u00e1ndose de la lesi\u00f3n que lo ha marginado del terreno de juego en el<strong> Apertura 2017<\/strong>.<\/p>\n<blockquote class=\"twitter-tweet\" data-lang=\"es\">\n<p dir=\"ltr\" lang=\"es\">En rodaje para la pel\u00edcula de chivas, esp\u00e9renla muy pronto en cines &#x1f3a5;. <a href=\"https:\/\/twitter.com\/hashtag\/AP9?src=hash\">#AP9<\/a> <a href=\"https:\/\/twitter.com\/hashtag\/chivaslapelicula?src=hash\">#chivaslapelicula<\/a> <a href=\"https:\/\/twitter.com\/hashtag\/undergoatfilms?src=hash\">#undergoatfilms<\/a> <a href=\"https:\/\/twitter.com\/hashtag\/undergoat?src=hash\">#undergoat<\/a> <a href=\"https:\/\/t.co\/OJ8BFirOIr\">pic.twitter.com\/OJ8BFirOIr<\/a><\/p>\n<p>\u2014 PULIDO 9\ufe0f\u20e3 #AP9 (@puliidooo) <a href=\"https:\/\/twitter.com\/puliidooo\/status\/905928141352382465\">7 de septiembre de 2017<\/a><\/p><\/blockquote>\n<p><script async src=\"\/\/platform.twitter.com\/widgets.js\" charset=\"utf-8\"><\/script><\/p>\n<p style=\"text-align: center;\"><span style=\"color: #333399;\"><a style=\"color: #333399;\" href=\"https:\/\/www.futboltotal.com.mx\/2017\/09\/chivas-tigres-habrian-rechazado-sede-del-tri\/\" target=\"_blank\" rel=\"noopener noreferrer\">VER M\u00c1S: Chivas y Tigres rechazan ser sedes del Tri<\/a><\/span><\/p>\n","protected":false},"excerpt":{"rendered":"<p>El delantero adelant\u00f3 un poco de la pel\u00edcula sobre el Reba\u00f1o<\/p>\n","protected":false},"author":20,"featured_media":481128,"comment_status":"closed","ping_status":"closed","sticky":false,"template":"","format":"standard","meta":[],"categories":[2198,3845,4],"tags":[1607,8357,70,64],"_links":{"self":[{"href":"http:\/\/desarrollo.grupomedios.com\/futbol\/wp-json\/wp\/v2\/posts\/498794"}],"collection":[{"href":"http:\/\/desarrollo.grupomedios.com\/futbol\/wp-json\/wp\/v2\/posts"}],"about":[{"href":"http:\/\/desarrollo.grupomedios.com\/futbol\/wp-json\/wp\/v2\/types\/post"}],"author":[{"embeddable":true,"href":"http:\/\/desarrollo.grupomedios.com\/futbol\/wp-json\/wp\/v2\/users\/20"}],"replies":[{"embeddable":true,"href":"http:\/\/desarrollo.grupomedios.com\/futbol\/wp-json\/wp\/v2\/comments?post=498794"}],"version-history":[{"count":1,"href":"http:\/\/desarrollo.grupomedios.com\/futbol\/wp-json\/wp\/v2\/posts\/498794\/revisions"}],"predecessor-version":[{"id":498797,"href":"http:\/\/desarrollo.grupomedios.com\/futbol\/wp-json\/wp\/v2\/posts\/498794\/revisions\/498797"}],"wp:featuredmedia":[{"embeddable":true,"href":"http:\/\/desarrollo.grupomedios.com\/futbol\/wp-json\/wp\/v2\/media\/481128"}],"wp:attachment":[{"href":"http:\/\/desarrollo.grupomedios.com\/futbol\/wp-json\/wp\/v2\/media?parent=498794"}],"wp:term":[{"taxonomy":"category","embeddable":true,"href":"http:\/\/desarrollo.grupomedios.com\/futbol\/wp-json\/wp\/v2\/categories?post=498794"},{"taxonomy":"post_tag","embeddable":true,"href":"http:\/\/desarrollo.grupomedios.com\/futbol\/wp-json\/wp\/v2\/tags?post=498794"}],"curies":[{"name":"wp","href":"https:\/\/api.w.org\/{rel}","templated":true}]}}