{"id":498795,"date":"2017-09-08T10:08:55","date_gmt":"2017-09-08T15:08:55","guid":{"rendered":"https:\/\/www.futboltotal.com.mx\/?p=498795"},"modified":"2017-09-08T10:08:55","modified_gmt":"2017-09-08T15:08:55","slug":"miller-bolanos-aseguro-llegar-a-xolos-sed-revancha","status":"publish","type":"post","link":"http:\/\/desarrollo.grupomedios.com\/futbol\/futbol-mexicano\/miller-bolanos-aseguro-llegar-a-xolos-sed-revancha\/2017\/09","title":{"rendered":"Miller Bola\u00f1os asegur\u00f3 llegar a Xolos con &#8220;sed de revancha&#8221;"},"content":{"rendered":"<p>El delantero ecuatoriano <strong>Miller <span class=\"classCadenaBusqueda\">Bola\u00f1os<\/span><\/strong>, refuerzo de los <strong>Xolos de Tijuana<\/strong> del f\u00fatbol mexicano, dijo que llega al equipo con sed de revancha tras un paso por el balompi\u00e9 brasile\u00f1o en el que jug\u00f3 la temporada 2016-17 con el <strong>Gremio de Porto Alegre<\/strong>.<\/p>\n<p>&#8220;Como jugador uno siempre tiene sed de revancha, yo s\u00e9 lo que le puedo dar al club, lo que quiero solamente es estar bien y demostrar dentro del campo de juego&#8221;, dijo <span class=\"classCadenaBusqueda\">Bola\u00f1os<\/span> en la conferencia de prensa de su presentaci\u00f3n.<\/p>\n<p>&#8220;Tijuana es un reto m\u00e1s en mi carrera, ya hab\u00eda tenido la posibilidad de vestir la camiseta, pero hasta ahora se dio&#8221;, a\u00f1adi\u00f3.<\/p>\n<p style=\"text-align: center;\"><a href=\"https:\/\/www.futboltotal.com.mx\/2017\/09\/chivas-america-tri-se-solidarizan-mexico-tras-temblor\/\" target=\"_blank\" rel=\"noopener noreferrer\"><span style=\"color: #333399;\">VER M\u00c1S: Chivas, Am\u00e9rica y el Tri se solidarizan con M\u00e9xico tras temblor<\/span><\/a><\/p>\n<p>El <em>Killer<\/em>, como apodan al ecuatoriano por la consonancia con su nombre <strong>Miller<\/strong>, asegur\u00f3 que llega bien f\u00edsicamente ya que ha estado entrenando aunque lleg\u00f3 cansado por el viaje &#8220;pero en estos d\u00edas voy a estar a disposici\u00f3n del cuerpo t\u00e9cnico&#8221;, que lidera el argentino Eduardo Coudet, t\u00e9cnico del equipo.<\/p>\n<p>Dijo que llega al Tijuana &#8220;con una mentalidad muy positiva&#8221; y reconoci\u00f3 que el club, que tiene como sede la frontera con Estados Unidos, le &#8220;est\u00e1 brindando otra oportunidad en mi carrera&#8221;.<\/p>\n<p>&#8220;Estoy consciente de lo que quiero para el club y s\u00e9 que tengo mucho para darle&#8221;, apunt\u00f3.<\/p>\n<blockquote class=\"twitter-video\" data-lang=\"es\">\n<p dir=\"ltr\" lang=\"es\">&#8220;Es un gran reto en mi carrera&#8221;: Miller Bola\u00f1os &#x1f4dd;: <a href=\"https:\/\/t.co\/IniUlX6xVF\">https:\/\/t.co\/IniUlX6xVF<\/a> <a href=\"https:\/\/twitter.com\/hashtag\/FuerzaTijuas?src=hash\">#FuerzaTijuas<\/a> <a href=\"https:\/\/t.co\/lQ1lANWCWy\">pic.twitter.com\/lQ1lANWCWy<\/a><\/p>\n<p>\u2014 Xolos (@Xolos) <a href=\"https:\/\/twitter.com\/Xolos\/status\/905980239737610240\">8 de septiembre de 2017<\/a><\/p><\/blockquote>\n<p><script async src=\"\/\/platform.twitter.com\/widgets.js\" charset=\"utf-8\"><\/script><\/p>\n<p>De su paso por el Gremio brasile\u00f1o, <span class=\"classCadenaBusqueda\">Bola\u00f1os<\/span> coment\u00f3 que siempre trabaj\u00f3 para ganarse un puesto lo que no pudo conseguir debido a una lesi\u00f3n por lo que pidi\u00f3 salir.<\/p>\n<p>&#8220;Tuve una lesi\u00f3n que no me permiti\u00f3 tener una secuencia y por eso no estaba bien, por eso ped\u00ed cambiar de aires&#8221;, apunt\u00f3 el exjugador del Barcelona, Liga de Quito y Emelec de su pa\u00eds.<\/p>\n<p>&nbsp;<\/p>\n<blockquote class=\"twitter-tweet\" data-lang=\"es\">\n<p dir=\"ltr\" lang=\"und\">&#x1f60d; 32 &#x1f60d;<a href=\"https:\/\/twitter.com\/hashtag\/FuerzaTijuas?src=hash\">#FuerzaTijuas<\/a> <a href=\"https:\/\/t.co\/elXCZb9PxM\">pic.twitter.com\/elXCZb9PxM<\/a><\/p>\n<p>\u2014 Xolos (@Xolos) <a href=\"https:\/\/twitter.com\/Xolos\/status\/905947697776959488\">8 de septiembre de 2017<\/a><\/p><\/blockquote>\n<p><script async src=\"\/\/platform.twitter.com\/widgets.js\" charset=\"utf-8\"><\/script><\/p>\n<p>Acept\u00f3 que para tomar la decisi\u00f3n de llegar al Tijuana habl\u00f3 con algunos compa\u00f1eros quienes le dieron &#8220;referencias muy buenas de la instituci\u00f3n y de su estructura y eso ayud\u00f3 a que la negociaci\u00f3n fuera m\u00e1s f\u00e1cil&#8221;.<\/p>\n<p>El Tijuana visitar\u00e1 a los Pumas de la UNAM el domingo, en la octava jornada del Apertura mexicano.<\/p>\n","protected":false},"excerpt":{"rendered":"<p>El refuerzo ecuatoriano fue presentado con el cuadro fronterizo.<\/p>\n","protected":false},"author":144,"featured_media":498796,"comment_status":"closed","ping_status":"closed","sticky":false,"template":"","format":"standard","meta":[],"categories":[2198,3845],"tags":[8357,64,6568,5974,1673],"_links":{"self":[{"href":"http:\/\/desarrollo.grupomedios.com\/futbol\/wp-json\/wp\/v2\/posts\/498795"}],"collection":[{"href":"http:\/\/desarrollo.grupomedios.com\/futbol\/wp-json\/wp\/v2\/posts"}],"about":[{"href":"http:\/\/desarrollo.grupomedios.com\/futbol\/wp-json\/wp\/v2\/types\/post"}],"author":[{"embeddable":true,"href":"http:\/\/desarrollo.grupomedios.com\/futbol\/wp-json\/wp\/v2\/users\/144"}],"replies":[{"embeddable":true,"href":"http:\/\/desarrollo.grupomedios.com\/futbol\/wp-json\/wp\/v2\/comments?post=498795"}],"version-history":[{"count":1,"href":"http:\/\/desarrollo.grupomedios.com\/futbol\/wp-json\/wp\/v2\/posts\/498795\/revisions"}],"predecessor-version":[{"id":498798,"href":"http:\/\/desarrollo.grupomedios.com\/futbol\/wp-json\/wp\/v2\/posts\/498795\/revisions\/498798"}],"wp:featuredmedia":[{"embeddable":true,"href":"http:\/\/desarrollo.grupomedios.com\/futbol\/wp-json\/wp\/v2\/media\/498796"}],"wp:attachment":[{"href":"http:\/\/desarrollo.grupomedios.com\/futbol\/wp-json\/wp\/v2\/media?parent=498795"}],"wp:term":[{"taxonomy":"category","embeddable":true,"href":"http:\/\/desarrollo.grupomedios.com\/futbol\/wp-json\/wp\/v2\/categories?post=498795"},{"taxonomy":"post_tag","embeddable":true,"href":"http:\/\/desarrollo.grupomedios.com\/futbol\/wp-json\/wp\/v2\/tags?post=498795"}],"curies":[{"name":"wp","href":"https:\/\/api.w.org\/{rel}","templated":true}]}}