{"id":498807,"date":"2017-09-08T11:23:58","date_gmt":"2017-09-08T16:23:58","guid":{"rendered":"https:\/\/www.futboltotal.com.mx\/?p=498807"},"modified":"2017-09-08T12:49:41","modified_gmt":"2017-09-08T17:49:41","slug":"la-copa-del-rey-tendra-al-var","status":"publish","type":"post","link":"http:\/\/desarrollo.grupomedios.com\/futbol\/futbol-internacional\/la-copa-del-rey-tendra-al-var\/2017\/09","title":{"rendered":"La Copa del Rey tendr\u00e1 al VAR"},"content":{"rendered":"<p>No a todos les ha ca\u00eddo bien la innovacion que la <strong>FIFA<\/strong> est\u00e1 integrando al f\u00fatbol, uno de los nuevos implementos que no tiene el agrado de todas las personas es el\u00a0<strong><em>video asistente para los \u00e1rbitros<\/em><\/strong> ya que a pesar de que tienen la oportunidad de revisar las jugadas acortando el juego, ha habido decisiones pol\u00e9micas.<\/p>\n<p style=\"text-align: center;\"><span style=\"color: #333399;\"><a style=\"color: #333399;\" href=\"https:\/\/www.futboltotal.com.mx\/2017\/09\/alan-pulido-presenta-rodaje-la-pelicula-chivas\/\" target=\"_blank\" rel=\"noopener noreferrer\">VER M\u00c1S: Pulido presenta adelanto de pel\u00edcula de las Chivas<\/a><\/span><\/p>\n<p>Goles mal anulados, fueras de lugar que terminan por no marcarse e inclusive hay qui\u00e9nes crit\u00edcan la cantidad de tiempo que se pierde en tomar las decisiones.<\/p>\n<p>Una de las decisiones m\u00e1s pol\u00e9micas que se ha dado, fue en la Eredivisie, despu\u00e9s de una jugada del Vitesse que fue gol pero no se marc\u00f3, Feyenoord logr\u00f3 su anotaci\u00f3n sin embargo y despu\u00e9s de m\u00e1s de 1 minuto, el \u00e1rbitro anul\u00f3 el gol de los locales para hacer v\u00e1lido el que cay\u00f3 tiempo atr\u00e1s.<\/p>\n<p><iframe loading=\"lazy\" src=\"https:\/\/www.youtube.com\/embed\/Hf7HO45k8eE\" frameborder=\"0\" allowfullscreen=\"allowfullscreen\"><\/iframe><\/p>\n<p>Sin embargo hay qui\u00e9nes est\u00e1n de acuerdo en implementar estas &#8220;innovaciones&#8221; al f\u00fatbol, uno de ellos son los dirigentes del f\u00fatbol espa\u00f1ol ya que a trav\u00e9s de su presidente, <strong>Javier Tebas<\/strong>, han confirmado que para los partidos de la <strong>Copa del Rey<\/strong>, se estar\u00e1 implementando de manera oficial el\u00a0<strong><em>VAR<\/em><\/strong>\u00a0con la finalidad de probar su funcionamiento y si funciona lo podr\u00edan poner en la pr\u00f3xima campa\u00f1a aunque no en todas las competiciones.<\/p>\n<p>\u201cEspero que se vea en pruebas esta temporada en partidos de Copa del Rey y si todo va bien lo veremos en la Liga la temporada que viene. Su implantaci\u00f3n requiere equipos arbitrales, cableados de todos los estadios y saber si se har\u00e1 en el estadio o en los servicios centrales, de momento se empezar\u00e1 a prueba y esperemos que la pr\u00f3xima temporada lo tengamos de forma definitiva\u201d, culmin\u00f3 Tebas.<\/p>\n","protected":false},"excerpt":{"rendered":"<p>Ser\u00e1 introducido como una prueba para ver la funcionalidad y beneficios que podr\u00eda tener<\/p>\n","protected":false},"author":20,"featured_media":498810,"comment_status":"closed","ping_status":"closed","sticky":false,"template":"","format":"standard","meta":[],"categories":[3839,3844],"tags":[96,253,9078],"_links":{"self":[{"href":"http:\/\/desarrollo.grupomedios.com\/futbol\/wp-json\/wp\/v2\/posts\/498807"}],"collection":[{"href":"http:\/\/desarrollo.grupomedios.com\/futbol\/wp-json\/wp\/v2\/posts"}],"about":[{"href":"http:\/\/desarrollo.grupomedios.com\/futbol\/wp-json\/wp\/v2\/types\/post"}],"author":[{"embeddable":true,"href":"http:\/\/desarrollo.grupomedios.com\/futbol\/wp-json\/wp\/v2\/users\/20"}],"replies":[{"embeddable":true,"href":"http:\/\/desarrollo.grupomedios.com\/futbol\/wp-json\/wp\/v2\/comments?post=498807"}],"version-history":[{"count":1,"href":"http:\/\/desarrollo.grupomedios.com\/futbol\/wp-json\/wp\/v2\/posts\/498807\/revisions"}],"predecessor-version":[{"id":498812,"href":"http:\/\/desarrollo.grupomedios.com\/futbol\/wp-json\/wp\/v2\/posts\/498807\/revisions\/498812"}],"wp:featuredmedia":[{"embeddable":true,"href":"http:\/\/desarrollo.grupomedios.com\/futbol\/wp-json\/wp\/v2\/media\/498810"}],"wp:attachment":[{"href":"http:\/\/desarrollo.grupomedios.com\/futbol\/wp-json\/wp\/v2\/media?parent=498807"}],"wp:term":[{"taxonomy":"category","embeddable":true,"href":"http:\/\/desarrollo.grupomedios.com\/futbol\/wp-json\/wp\/v2\/categories?post=498807"},{"taxonomy":"post_tag","embeddable":true,"href":"http:\/\/desarrollo.grupomedios.com\/futbol\/wp-json\/wp\/v2\/tags?post=498807"}],"curies":[{"name":"wp","href":"https:\/\/api.w.org\/{rel}","templated":true}]}}