{"id":498826,"date":"2017-09-08T12:12:06","date_gmt":"2017-09-08T17:12:06","guid":{"rendered":"https:\/\/www.futboltotal.com.mx\/?p=498826"},"modified":"2017-09-08T12:12:06","modified_gmt":"2017-09-08T17:12:06","slug":"guardiola-puso-freno-a-fichaje-alexis-manchester-city","status":"publish","type":"post","link":"http:\/\/desarrollo.grupomedios.com\/futbol\/futbol-internacional\/guardiola-puso-freno-a-fichaje-alexis-manchester-city\/2017\/09","title":{"rendered":"Guardiola puso freno a fichaje de Alexis con Manchester City"},"content":{"rendered":"<p><strong>Josep Guardiola<\/strong>, estratega del <strong>Manchester City<\/strong>, habl\u00f3 en conferencia de prensa sobre el fallido fichaje de <strong>Alexis S\u00e1nchez<\/strong>, jugador del Arsenal.<\/p>\n<blockquote><p>&#8220;No s\u00e9 lo que pasar\u00e1 en invierno o la temporada que viene. Tuvimos un inter\u00e9s en \u00e9l pero el Arsenal decidi\u00f3 no venderlo, eso es todo. Ahora es jugador de otro equipo. Una vez se ha cerrado el mercado de fichajes, tenemos los futbolistas que tenemos&#8221;, expres\u00f3 el estratega catal\u00e1n.<\/p><\/blockquote>\n<p style=\"text-align: center;\"><span style=\"color: #333399;\"><a style=\"color: #333399;\" href=\"https:\/\/www.futboltotal.com.mx\/2017\/09\/arda-turan-no-jugara-en-el-galatasaray\/\" target=\"_blank\" rel=\"noopener noreferrer\">VER M\u00c1S: Arda Tur\u00e1n NO jugar\u00e1 en el Galatasaray<\/a><\/span><\/p>\n<p>Adem\u00e1s agreg\u00f3 que Arsenal buscaba obtener a cambio un futbolista por el chileno, situaci\u00f3n que Guardiola no estaba dispuesto a acceder.<\/p>\n<blockquote><p>&#8220;Cuando empezamos a hablar con el <strong>Arsenal<\/strong>, unos d\u00edas antes del final del mercado, ellos quer\u00edan hacer un intercambio con Sterling. Y yo dije que no hab\u00eda ninguna opci\u00f3n de eso. Conf\u00edo much\u00edsimo en<strong> Sterling<\/strong>. Lo \u00fanico a lo que estaba dispuesto era a pagar dinero, pero al final ellos no pudieron fichar un reemplazo&#8221; finaliz\u00f3.<\/p><\/blockquote>\n<p style=\"text-align: center;\"><span style=\"color: #333399;\"><a style=\"color: #333399;\" href=\"https:\/\/www.futboltotal.com.mx\/2017\/09\/nfl-publico-lamentable-tuit-sobre-el-temblor-en-mexico\/\" target=\"_blank\" rel=\"noopener noreferrer\">VER M\u00c1S: NFL public\u00f3 lamentable tuit sobre temblor en M\u00e9xico<\/a><\/span><\/p>\n","protected":false},"excerpt":{"rendered":"<p>El delantero chileno no pudo concretar su pase<\/p>\n","protected":false},"author":20,"featured_media":498828,"comment_status":"closed","ping_status":"closed","sticky":false,"template":"","format":"standard","meta":[],"categories":[3839],"tags":[6053,6044,5993,1791],"_links":{"self":[{"href":"http:\/\/desarrollo.grupomedios.com\/futbol\/wp-json\/wp\/v2\/posts\/498826"}],"collection":[{"href":"http:\/\/desarrollo.grupomedios.com\/futbol\/wp-json\/wp\/v2\/posts"}],"about":[{"href":"http:\/\/desarrollo.grupomedios.com\/futbol\/wp-json\/wp\/v2\/types\/post"}],"author":[{"embeddable":true,"href":"http:\/\/desarrollo.grupomedios.com\/futbol\/wp-json\/wp\/v2\/users\/20"}],"replies":[{"embeddable":true,"href":"http:\/\/desarrollo.grupomedios.com\/futbol\/wp-json\/wp\/v2\/comments?post=498826"}],"version-history":[{"count":1,"href":"http:\/\/desarrollo.grupomedios.com\/futbol\/wp-json\/wp\/v2\/posts\/498826\/revisions"}],"predecessor-version":[{"id":498829,"href":"http:\/\/desarrollo.grupomedios.com\/futbol\/wp-json\/wp\/v2\/posts\/498826\/revisions\/498829"}],"wp:featuredmedia":[{"embeddable":true,"href":"http:\/\/desarrollo.grupomedios.com\/futbol\/wp-json\/wp\/v2\/media\/498828"}],"wp:attachment":[{"href":"http:\/\/desarrollo.grupomedios.com\/futbol\/wp-json\/wp\/v2\/media?parent=498826"}],"wp:term":[{"taxonomy":"category","embeddable":true,"href":"http:\/\/desarrollo.grupomedios.com\/futbol\/wp-json\/wp\/v2\/categories?post=498826"},{"taxonomy":"post_tag","embeddable":true,"href":"http:\/\/desarrollo.grupomedios.com\/futbol\/wp-json\/wp\/v2\/tags?post=498826"}],"curies":[{"name":"wp","href":"https:\/\/api.w.org\/{rel}","templated":true}]}}