{"id":498850,"date":"2017-09-08T12:57:35","date_gmt":"2017-09-08T17:57:35","guid":{"rendered":"https:\/\/www.futboltotal.com.mx\/?p=498850"},"modified":"2017-09-08T12:57:35","modified_gmt":"2017-09-08T17:57:35","slug":"rodolfo-cota-revela-jugador-fue-fundamental-en-carrera","status":"publish","type":"post","link":"http:\/\/desarrollo.grupomedios.com\/futbol\/futbol-mexicano\/rodolfo-cota-revela-jugador-fue-fundamental-en-carrera\/2017\/09","title":{"rendered":"Rodolfo Cota revela el jugador que fue fundamental en su carrera"},"content":{"rendered":"<p>El arquero de la <strong>Chivas<\/strong>, <strong>Rodolfo Cota<\/strong>, a\u00fan pertenece a los <strong>Tuzos del Pachuca<\/strong> y su pr\u00e9stamo culmina en diciembre, y un arquero hidalguense fue quien marco su carrera de forma fundamental.<\/p>\n<blockquote><p>\u00a0\u201cLlegu\u00e9 a los 14 a\u00f1os a Pachuca y el referente del equipo, defendiendo la porter\u00eda era <strong>Miguel Calero<\/strong>.\u00a0Fue parte fundamental en mi carrera.\u00a0Fui suplente muchos a\u00f1os de Miguel y le\u00a0aprend\u00ed mucho de los secretos de la porter\u00eda\u201d, expres\u00f3 para <em>Fox Sports<\/em>.<\/p><\/blockquote>\n<p>Adem\u00e1s de tener la oportunidad de tomar su lugar cuando el colombiano se retir\u00f3, tuvo el privilegio de ser su alumno.<\/p>\n<p style=\"text-align: center;\"><span style=\"color: #333399;\"><a style=\"color: #333399;\" href=\"https:\/\/www.futboltotal.com.mx\/2017\/09\/futbolista-mexicano-fue-estafado-al-buscar-jugar-en-espana\/\" target=\"_blank\" rel=\"noopener noreferrer\">VER M\u00c1S: El futbolista mexicano que fue estafado al buscar jugar en Espa\u00f1a<\/a><\/span><\/p>\n<div class=\"insert-post-ads\">Le lleg\u00f3 su turno: \u201cA su retiro me lleg\u00f3 la oportunidad.\u00a0Estuve firme con toda la confianza que \u00e9l me dio. Me ayud\u00f3 incluso a que<strong> me dieran guantes de la misma marca<\/strong>, con la que sigo trabajando y tuve la fortuna de conocerle como amigo, compa\u00f1ero y como mi entrenador,\u00a0ya que fue preparador de arqueros una etapa en Pachuca&#8221;, indic\u00f3 Cota.<\/div>\n<div class=\"insert-post-ads\"><\/div>\n<div class=\"insert-post-ads\">Tambi\u00e9n habl\u00f3 sobre un posible regreso con los Tuzos, una vez que termine su pr\u00e9stamo con los rojiblancos.<\/div>\n<div class=\"insert-post-ads\"><\/div>\n<div class=\"insert-post-ads\">\u201cEstoy 100 por ciento comprometido con Chivas.\u00a0<strong>No s\u00e9 qu\u00e9 pasar\u00e1 en diciembre<\/strong>. Tendr\u00e9 que hablar con Jes\u00fas Mart\u00ednez y la decisi\u00f3n ya no est\u00e1 en mis manos. Mientras est\u00e9 aqu\u00ed lo dar\u00e9 todo\u201d, finaliz\u00f3 el arquero.<\/div>\n<div class=\"insert-post-ads\"><\/div>\n<div class=\"insert-post-ads\" style=\"text-align: center;\"><span style=\"color: #333399;\"><a style=\"color: #333399;\" href=\"https:\/\/www.futboltotal.com.mx\/2017\/09\/guardiola-puso-freno-a-fichaje-alexis-manchester-city\/\" target=\"_blank\" rel=\"noopener noreferrer\">VER M\u00c1S: Guardiola rechaz\u00f3 cambiar a este futbolista por Alexis S\u00e1nchez<\/a><\/span><\/div>\n<div class=\"insert-post-ads\"><\/div>\n<div class=\"insert-post-ads\"><\/div>\n","protected":false},"excerpt":{"rendered":"<p>El arquero del Reba\u00f1o terminar\u00e1 su pr\u00e9stamo con Chivas en diciembre<\/p>\n","protected":false},"author":20,"featured_media":480823,"comment_status":"closed","ping_status":"closed","sticky":false,"template":"","format":"standard","meta":[],"categories":[2198,3845],"tags":[70,1817,5968,6920],"_links":{"self":[{"href":"http:\/\/desarrollo.grupomedios.com\/futbol\/wp-json\/wp\/v2\/posts\/498850"}],"collection":[{"href":"http:\/\/desarrollo.grupomedios.com\/futbol\/wp-json\/wp\/v2\/posts"}],"about":[{"href":"http:\/\/desarrollo.grupomedios.com\/futbol\/wp-json\/wp\/v2\/types\/post"}],"author":[{"embeddable":true,"href":"http:\/\/desarrollo.grupomedios.com\/futbol\/wp-json\/wp\/v2\/users\/20"}],"replies":[{"embeddable":true,"href":"http:\/\/desarrollo.grupomedios.com\/futbol\/wp-json\/wp\/v2\/comments?post=498850"}],"version-history":[{"count":1,"href":"http:\/\/desarrollo.grupomedios.com\/futbol\/wp-json\/wp\/v2\/posts\/498850\/revisions"}],"predecessor-version":[{"id":498854,"href":"http:\/\/desarrollo.grupomedios.com\/futbol\/wp-json\/wp\/v2\/posts\/498850\/revisions\/498854"}],"wp:featuredmedia":[{"embeddable":true,"href":"http:\/\/desarrollo.grupomedios.com\/futbol\/wp-json\/wp\/v2\/media\/480823"}],"wp:attachment":[{"href":"http:\/\/desarrollo.grupomedios.com\/futbol\/wp-json\/wp\/v2\/media?parent=498850"}],"wp:term":[{"taxonomy":"category","embeddable":true,"href":"http:\/\/desarrollo.grupomedios.com\/futbol\/wp-json\/wp\/v2\/categories?post=498850"},{"taxonomy":"post_tag","embeddable":true,"href":"http:\/\/desarrollo.grupomedios.com\/futbol\/wp-json\/wp\/v2\/tags?post=498850"}],"curies":[{"name":"wp","href":"https:\/\/api.w.org\/{rel}","templated":true}]}}