{"id":498853,"date":"2017-09-08T13:34:00","date_gmt":"2017-09-08T18:34:00","guid":{"rendered":"https:\/\/www.futboltotal.com.mx\/?p=498853"},"modified":"2017-09-08T14:05:45","modified_gmt":"2017-09-08T19:05:45","slug":"andres-guardado-se-reincorpora-al-betis","status":"publish","type":"post","link":"http:\/\/desarrollo.grupomedios.com\/futbol\/futbol-internacional\/andres-guardado-se-reincorpora-al-betis\/2017\/09","title":{"rendered":"Andr\u00e9s Guardado se reincorpora al Betis"},"content":{"rendered":"<p>Despu\u00e9s de la <strong>fecha<\/strong> <strong>FIFA<\/strong> la actividad en todas las ligas del mundo se reanudar\u00e1, los que fueron seleccionados comienzan a reportar con sus equipos para ponerse a las \u00f3rdenes de sus entrenadores.<\/p>\n<p>Uno de los tantos jugadores que report\u00f3 con selecci\u00f3n fue <strong>Andr\u00e9s<\/strong> <strong>Guardado<\/strong>, el mexicano est\u00e1 contento al haber conseguido con la <strong>selecci\u00f3n<\/strong> <strong>mexicana<\/strong> el pase directo al Mundial y este viernes ya report\u00f3 con el <strong>Betis<\/strong> para que su entrenador, <strong>Quique<\/strong> <strong>Seti\u00e9n<\/strong> lo pueda contemplar para el duelo que disputar\u00e1n este fin de semana ante el Villarreal.<\/p>\n<p style=\"text-align: center;\"><span style=\"color: #333399;\"><a style=\"color: #333399;\" href=\"https:\/\/www.futboltotal.com.mx\/2017\/09\/pachuca-vs-chivas-las-canteras-del-futbol-mexicano\/\" target=\"_blank\" rel=\"noopener noreferrer\">VER M\u00c1S: Pachuca y Chivas, \u00bfSon las canteras de M\u00e9xico?<\/a><\/span><\/p>\n<p><strong>Andr\u00e9s<\/strong> fue designado como uno de los capitanes del equipo <strong><em>b\u00e9tico<\/em><\/strong>\u00a0y se est\u00e1 convirtiendo en un hombre fundamental en el esquema de su t\u00e9cnico, en el entrenamiento se le puede ver muy divertido con sus dem\u00e1s compa\u00f1eros.<\/p>\n<blockquote class=\"twitter-video\" data-lang=\"es\">\n<p dir=\"ltr\" lang=\"es\">\u00bfQu\u00e9 pasar\u00eda si <a href=\"https:\/\/twitter.com\/RizaDurmisi\">@RizaDurmisi<\/a> tuviese que saltar por encima de <a href=\"https:\/\/twitter.com\/zou_feddal\">@zou_feddal<\/a>? \u00a1Seguimos preparando con buen ambiente el pr\u00f3ximo partido! \u26bd\ufe0f <a href=\"https:\/\/t.co\/E3T5dzD4bF\">pic.twitter.com\/E3T5dzD4bF<\/a><\/p>\n<p>\u2014 Real Betis Balompi\u00e9 (@RealBetis) <a href=\"https:\/\/twitter.com\/RealBetis\/status\/906154107123228673\">8 de septiembre de 2017<\/a><\/p><\/blockquote>\n<p><script async src=\"\/\/platform.twitter.com\/widgets.js\" charset=\"utf-8\"><\/script><\/p>\n","protected":false},"excerpt":{"rendered":"<p>El mexicano podr\u00e1 ser utilizado por su t\u00e9cnico ante el Villarreal<\/p>\n","protected":false},"author":20,"featured_media":498863,"comment_status":"closed","ping_status":"closed","sticky":false,"template":"","format":"standard","meta":[],"categories":[3839,3844],"tags":[6046,1804,2321],"_links":{"self":[{"href":"http:\/\/desarrollo.grupomedios.com\/futbol\/wp-json\/wp\/v2\/posts\/498853"}],"collection":[{"href":"http:\/\/desarrollo.grupomedios.com\/futbol\/wp-json\/wp\/v2\/posts"}],"about":[{"href":"http:\/\/desarrollo.grupomedios.com\/futbol\/wp-json\/wp\/v2\/types\/post"}],"author":[{"embeddable":true,"href":"http:\/\/desarrollo.grupomedios.com\/futbol\/wp-json\/wp\/v2\/users\/20"}],"replies":[{"embeddable":true,"href":"http:\/\/desarrollo.grupomedios.com\/futbol\/wp-json\/wp\/v2\/comments?post=498853"}],"version-history":[{"count":1,"href":"http:\/\/desarrollo.grupomedios.com\/futbol\/wp-json\/wp\/v2\/posts\/498853\/revisions"}],"predecessor-version":[{"id":498864,"href":"http:\/\/desarrollo.grupomedios.com\/futbol\/wp-json\/wp\/v2\/posts\/498853\/revisions\/498864"}],"wp:featuredmedia":[{"embeddable":true,"href":"http:\/\/desarrollo.grupomedios.com\/futbol\/wp-json\/wp\/v2\/media\/498863"}],"wp:attachment":[{"href":"http:\/\/desarrollo.grupomedios.com\/futbol\/wp-json\/wp\/v2\/media?parent=498853"}],"wp:term":[{"taxonomy":"category","embeddable":true,"href":"http:\/\/desarrollo.grupomedios.com\/futbol\/wp-json\/wp\/v2\/categories?post=498853"},{"taxonomy":"post_tag","embeddable":true,"href":"http:\/\/desarrollo.grupomedios.com\/futbol\/wp-json\/wp\/v2\/tags?post=498853"}],"curies":[{"name":"wp","href":"https:\/\/api.w.org\/{rel}","templated":true}]}}