{"id":498862,"date":"2017-09-08T13:59:57","date_gmt":"2017-09-08T18:59:57","guid":{"rendered":"https:\/\/www.futboltotal.com.mx\/?p=498862"},"modified":"2017-09-08T13:59:57","modified_gmt":"2017-09-08T18:59:57","slug":"show-los-protagonistas-vivio-temblor-en-pleno-programa","status":"publish","type":"post","link":"http:\/\/desarrollo.grupomedios.com\/futbol\/cambio-de-juego\/show-los-protagonistas-vivio-temblor-en-pleno-programa\/2017\/09","title":{"rendered":"El show Los Protagonistas vivi\u00f3 el temblor en pleno programa"},"content":{"rendered":"<p>El <strong>temblor<\/strong> que aconteci\u00f3 en <strong>M\u00e9xico<\/strong> la noche del 7 de septiembre afect\u00f3 a millones de habitantes, incluyendo a los conductores del show <strong>Los Protagonistas<\/strong>, quienes se encontraban realizando el <strong>programa<\/strong> cuando sucedi\u00f3 este acontecimiento.<\/p>\n<p>Con videos compartidos en redes sociales, los conductores de <strong>TV Azteca<\/strong> mostraron la forma en que vivieron esos segundos en los que el sismo afecto zonas del territorio mexicano como la <strong>Ciudad de M\u00e9xico<\/strong>.<\/p>\n<p style=\"text-align: center;\"><a href=\"https:\/\/www.futboltotal.com.mx\/2017\/09\/chivas-america-tri-se-solidarizan-mexico-tras-temblor\/\" target=\"_blank\" rel=\"noopener noreferrer\"><span style=\"color: #333399;\">VER M\u00c1S: Chivas, Am\u00e9rica y el Tri se solidarizaron con M\u00e9xico tras temblor<\/span><\/a><\/p>\n<p>&nbsp;<\/p>\n<blockquote class=\"twitter-video\" data-lang=\"es\">\n<p dir=\"ltr\" lang=\"es\">As\u00ed lo vivimos en vivo<\/p>\n<p>Horrible y duro es poco <a href=\"https:\/\/t.co\/YYIKHxOO2M\">pic.twitter.com\/YYIKHxOO2M<\/a><\/p>\n<p>\u2014 Omar Zeron (@omarzeron) <a href=\"https:\/\/twitter.com\/omarzeron\/status\/906052084340068355\">8 de septiembre de 2017<\/a><\/p><\/blockquote>\n<p><script async src=\"\/\/platform.twitter.com\/widgets.js\" charset=\"utf-8\"><\/script><\/p>\n<p>Nombres como Patty L\u00f3pez de la Cerda, Antonio Rosique, Gerardo Vel\u00e1zquez de Le\u00f3n y Omar Zer\u00f3n fueron parte de los presentes en la emisi\u00f3n nocturna, de la que afortunadamente no tuvo un desenlace negativo.<\/p>\n<blockquote class=\"twitter-video\" data-lang=\"es\">\n<p dir=\"ltr\" lang=\"es\">As\u00ed se sinti\u00f3 en <a href=\"https:\/\/twitter.com\/losprota\">@losprota<\/a> afortunadamente todos bien!!! <a href=\"https:\/\/t.co\/48yqDGnysK\">pic.twitter.com\/48yqDGnysK<\/a><\/p>\n<p>\u2014 Gerardo Velazquez de (@gvlo2008) <a href=\"https:\/\/twitter.com\/gvlo2008\/status\/906028535759769601\">8 de septiembre de 2017<\/a><\/p><\/blockquote>\n<p><script async src=\"\/\/platform.twitter.com\/widgets.js\" charset=\"utf-8\"><\/script><\/p>\n","protected":false},"excerpt":{"rendered":"<p>El temblor en M\u00e9xico tambi\u00e9n afect\u00f3 a los conductores de deportivos de TV Azteca.<\/p>\n","protected":false},"author":20,"featured_media":498868,"comment_status":"closed","ping_status":"closed","sticky":false,"template":"","format":"standard","meta":[],"categories":[5419],"tags":[7151,1818,9802,10126],"_links":{"self":[{"href":"http:\/\/desarrollo.grupomedios.com\/futbol\/wp-json\/wp\/v2\/posts\/498862"}],"collection":[{"href":"http:\/\/desarrollo.grupomedios.com\/futbol\/wp-json\/wp\/v2\/posts"}],"about":[{"href":"http:\/\/desarrollo.grupomedios.com\/futbol\/wp-json\/wp\/v2\/types\/post"}],"author":[{"embeddable":true,"href":"http:\/\/desarrollo.grupomedios.com\/futbol\/wp-json\/wp\/v2\/users\/20"}],"replies":[{"embeddable":true,"href":"http:\/\/desarrollo.grupomedios.com\/futbol\/wp-json\/wp\/v2\/comments?post=498862"}],"version-history":[{"count":1,"href":"http:\/\/desarrollo.grupomedios.com\/futbol\/wp-json\/wp\/v2\/posts\/498862\/revisions"}],"predecessor-version":[{"id":498873,"href":"http:\/\/desarrollo.grupomedios.com\/futbol\/wp-json\/wp\/v2\/posts\/498862\/revisions\/498873"}],"wp:featuredmedia":[{"embeddable":true,"href":"http:\/\/desarrollo.grupomedios.com\/futbol\/wp-json\/wp\/v2\/media\/498868"}],"wp:attachment":[{"href":"http:\/\/desarrollo.grupomedios.com\/futbol\/wp-json\/wp\/v2\/media?parent=498862"}],"wp:term":[{"taxonomy":"category","embeddable":true,"href":"http:\/\/desarrollo.grupomedios.com\/futbol\/wp-json\/wp\/v2\/categories?post=498862"},{"taxonomy":"post_tag","embeddable":true,"href":"http:\/\/desarrollo.grupomedios.com\/futbol\/wp-json\/wp\/v2\/tags?post=498862"}],"curies":[{"name":"wp","href":"https:\/\/api.w.org\/{rel}","templated":true}]}}