{"id":498865,"date":"2017-09-08T14:01:03","date_gmt":"2017-09-08T19:01:03","guid":{"rendered":"https:\/\/www.futboltotal.com.mx\/?p=498865"},"modified":"2017-09-08T14:01:03","modified_gmt":"2017-09-08T19:01:03","slug":"piojo-manda-a-la-banca-a-cecilio-dominguez-este-jugador","status":"publish","type":"post","link":"http:\/\/desarrollo.grupomedios.com\/futbol\/futbol-mexicano\/piojo-manda-a-la-banca-a-cecilio-dominguez-este-jugador\/2017\/09","title":{"rendered":"Piojo manda a la banca a Cecilio Dom\u00ednguez por este jugador"},"content":{"rendered":"<p>El entrenador de las<strong> \u00c1guilas del Am\u00e9rica<\/strong>, <strong>Miguel &#8216;Piojo&#8217; Herrera<\/strong> expres\u00f3 que el paraguayo, <strong>Cecilio Dom\u00ednguez<\/strong> tendr\u00e1 que volver a ganarse la titularidad con los azulcremas y afirm\u00f3 que el delantero est\u00e1 consciente sobre el tema.<\/p>\n<blockquote><p>&#8220;<strong>Cecilio a la banca<\/strong>, tenemos que ser justos con la competencia. Cecilio est\u00e1 muy consciente que debe trabajar fuerte para regresar a la titularidad&#8221;, adelant\u00f3 el &#8216;Piojo&#8217; en conferencia de prensa.<\/p><\/blockquote>\n<p style=\"text-align: center;\"><span style=\"color: #333399;\"><a style=\"color: #333399;\" href=\"https:\/\/www.futboltotal.com.mx\/2017\/09\/advierten-barcelona-ya-jugaria-en-espana\/\" target=\"_blank\" rel=\"noopener noreferrer\">VER M\u00c1S: Advierten que Barcelona ya no jugar\u00eda en Espa\u00f1a<\/a><\/span><\/p>\n<p>Su lugar ser\u00e1 ocupado por el juvenil, <strong>Diego Lainez<\/strong>, quien ser\u00e1 el encargado de la parte creativa en el duelo ante Veracruz.<\/p>\n<p>Adem\u00e1s, Herrera adelant\u00f3 la que ser\u00e1 su alineaci\u00f3n titular para el encuentro de este s\u00e1bado en el Estadio Azteca:<\/p>\n<p><strong>Agust\u00edn Marchesin, Paul Aguilar, Bruno Valdez, Edson \u00c1lvarez, Miguel Samudio, Guido Rodr\u00edguez, William da Silva, Diego Lainez, Darwin Quintero, Silvio Romero y Oribe Peralta<\/strong>, son los once elegidos por el estratega.<\/p>\n<p style=\"text-align: center;\"><span style=\"color: #333399;\"><a style=\"color: #333399;\" href=\"https:\/\/www.futboltotal.com.mx\/2017\/09\/kylian-mbappe-se-viral-nuevo-apodo\/\" target=\"_blank\" rel=\"noopener noreferrer\">VER M\u00c1S: Mbapp\u00e9 se hace viral por su nuevo apodo<\/a><\/span><\/p>\n","protected":false},"excerpt":{"rendered":"<p>El paraguayo tendr\u00e1 que volver a ganarse la titularidad<\/p>\n","protected":false},"author":20,"featured_media":492621,"comment_status":"closed","ping_status":"closed","sticky":false,"template":"","format":"standard","meta":[],"categories":[2198,3845],"tags":[5959,8357,7881,64,255],"_links":{"self":[{"href":"http:\/\/desarrollo.grupomedios.com\/futbol\/wp-json\/wp\/v2\/posts\/498865"}],"collection":[{"href":"http:\/\/desarrollo.grupomedios.com\/futbol\/wp-json\/wp\/v2\/posts"}],"about":[{"href":"http:\/\/desarrollo.grupomedios.com\/futbol\/wp-json\/wp\/v2\/types\/post"}],"author":[{"embeddable":true,"href":"http:\/\/desarrollo.grupomedios.com\/futbol\/wp-json\/wp\/v2\/users\/20"}],"replies":[{"embeddable":true,"href":"http:\/\/desarrollo.grupomedios.com\/futbol\/wp-json\/wp\/v2\/comments?post=498865"}],"version-history":[{"count":1,"href":"http:\/\/desarrollo.grupomedios.com\/futbol\/wp-json\/wp\/v2\/posts\/498865\/revisions"}],"predecessor-version":[{"id":498874,"href":"http:\/\/desarrollo.grupomedios.com\/futbol\/wp-json\/wp\/v2\/posts\/498865\/revisions\/498874"}],"wp:featuredmedia":[{"embeddable":true,"href":"http:\/\/desarrollo.grupomedios.com\/futbol\/wp-json\/wp\/v2\/media\/492621"}],"wp:attachment":[{"href":"http:\/\/desarrollo.grupomedios.com\/futbol\/wp-json\/wp\/v2\/media?parent=498865"}],"wp:term":[{"taxonomy":"category","embeddable":true,"href":"http:\/\/desarrollo.grupomedios.com\/futbol\/wp-json\/wp\/v2\/categories?post=498865"},{"taxonomy":"post_tag","embeddable":true,"href":"http:\/\/desarrollo.grupomedios.com\/futbol\/wp-json\/wp\/v2\/tags?post=498865"}],"curies":[{"name":"wp","href":"https:\/\/api.w.org\/{rel}","templated":true}]}}