{"id":498867,"date":"2017-09-08T13:59:16","date_gmt":"2017-09-08T18:59:16","guid":{"rendered":"https:\/\/www.futboltotal.com.mx\/?p=498867"},"modified":"2017-09-08T14:03:56","modified_gmt":"2017-09-08T19:03:56","slug":"real-madrid-con-ausencias-en-regreso-de-la-liga","status":"publish","type":"post","link":"http:\/\/desarrollo.grupomedios.com\/futbol\/futbol-internacional\/real-madrid-con-ausencias-en-regreso-de-la-liga\/2017\/09","title":{"rendered":"Real Madrid con ausencias en regreso de la Liga"},"content":{"rendered":"<p><em><strong>La Liga<\/strong>\u00a0<\/em>vuelve a la acci\u00f3n, el vigente campe\u00f3n, <strong>Real<\/strong> <strong>Madrid<\/strong> ya prepara su duelo del fin de semana en el que se medir\u00e1 al <strong>Levante<\/strong>, para este partido el t\u00e9cnico <strong>Zinedine<\/strong> <strong>Zidane<\/strong> ha decidido darle rotaci\u00f3n a su equipo por lo que hombres importantes no ver\u00edan acci\u00f3n para este duelo liguero.<\/p>\n<p>El franc\u00e9s dio a conocer los 18 convocados para el siguiente duelo, los descartados son; por sanci\u00f3n <strong>Cristiano<\/strong> <strong>Ronaldo<\/strong>, <strong>Keylor<\/strong> <strong>Navas<\/strong> despu\u00e9s de participar con Costa Rica y conseguir su pase al Mundial as\u00ed como <strong>Luka Modric<\/strong>, regresaron con cargas musculares y no estar\u00e1n en el <strong>Bernab\u00e9u<\/strong>, pensando en el duelo de <strong>Champions<\/strong> que tendr\u00e1n la pr\u00f3xima semana.<\/p>\n<p><strong>Rapahel Varane<\/strong> ya entren\u00f3 con el primer equipo despu\u00e9s de superar una lesi\u00f3n muscular que lo aquejaba tampoco aparece en la lista. Finalmente\u00a0Achraf Hakimi y Borja Mayoral no disputar\u00e1n el partido por decisi\u00f3n t\u00e9cnica.<\/p>\n<p style=\"text-align: center;\"><span style=\"color: #333399;\"><a style=\"color: #333399;\" href=\"https:\/\/www.futboltotal.com.mx\/2017\/09\/advierten-barcelona-ya-jugaria-en-espana\/\" target=\"_blank\" rel=\"noopener noreferrer\">VER M\u00c1S: \u00bfBarcelona fuera de la Liga Espa\u00f1ola?<\/a><\/span><\/p>\n<p>Entendiendo las necesidades del cuadro blanco, Kiko Casilla ser\u00eda el arquero titular, Nacho ir\u00eda en lugar de Varane, en el medio campo el candidato n\u00famero uno para suplir a Modric ser\u00eda Isco y en la delantera, Bale y Benzema compartir\u00edan el tridente con Marco Asensio.<\/p>\n<p>Estos son los 18 hombres que participar\u00e1n en el duelo.<\/p>\n<p>&nbsp;<\/p>\n<blockquote class=\"twitter-tweet\" data-lang=\"es\">\n<p dir=\"ltr\" lang=\"es\"><a href=\"https:\/\/twitter.com\/hashtag\/RealMadrid?src=hash\">#RealMadrid<\/a> 18 <a href=\"https:\/\/twitter.com\/LevanteUD\">@LevanteUD<\/a><\/p>\n<p>S\u00e1bado | Saturday<br \/>\n\u23f0 13:00 CEST<br \/>\nSantiago Bernab\u00e9u<br \/>\nLaLiga<a href=\"https:\/\/twitter.com\/hashtag\/RMMovistar?src=hash\">#RMMovistar<\/a> <a href=\"https:\/\/twitter.com\/hashtag\/RMLiga?src=hash\">#RMLiga<\/a> <a href=\"https:\/\/t.co\/xssALA8zlR\">pic.twitter.com\/xssALA8zlR<\/a><\/p>\n<p>\u2014 Real Madrid C.F. (@realmadrid) <a href=\"https:\/\/twitter.com\/realmadrid\/status\/906213303294332929\">8 de septiembre de 2017<\/a><\/p><\/blockquote>\n<p><script async src=\"\/\/platform.twitter.com\/widgets.js\" charset=\"utf-8\"><\/script><\/p>\n","protected":false},"excerpt":{"rendered":"<p>Los merengues buscar\u00e1n con sus suplentes de lujo una victoria m\u00e1s en la Liga.<\/p>\n","protected":false},"author":20,"featured_media":498877,"comment_status":"closed","ping_status":"closed","sticky":false,"template":"","format":"standard","meta":[],"categories":[3839,3844],"tags":[632,76,5988,2215],"_links":{"self":[{"href":"http:\/\/desarrollo.grupomedios.com\/futbol\/wp-json\/wp\/v2\/posts\/498867"}],"collection":[{"href":"http:\/\/desarrollo.grupomedios.com\/futbol\/wp-json\/wp\/v2\/posts"}],"about":[{"href":"http:\/\/desarrollo.grupomedios.com\/futbol\/wp-json\/wp\/v2\/types\/post"}],"author":[{"embeddable":true,"href":"http:\/\/desarrollo.grupomedios.com\/futbol\/wp-json\/wp\/v2\/users\/20"}],"replies":[{"embeddable":true,"href":"http:\/\/desarrollo.grupomedios.com\/futbol\/wp-json\/wp\/v2\/comments?post=498867"}],"version-history":[{"count":2,"href":"http:\/\/desarrollo.grupomedios.com\/futbol\/wp-json\/wp\/v2\/posts\/498867\/revisions"}],"predecessor-version":[{"id":498878,"href":"http:\/\/desarrollo.grupomedios.com\/futbol\/wp-json\/wp\/v2\/posts\/498867\/revisions\/498878"}],"wp:featuredmedia":[{"embeddable":true,"href":"http:\/\/desarrollo.grupomedios.com\/futbol\/wp-json\/wp\/v2\/media\/498877"}],"wp:attachment":[{"href":"http:\/\/desarrollo.grupomedios.com\/futbol\/wp-json\/wp\/v2\/media?parent=498867"}],"wp:term":[{"taxonomy":"category","embeddable":true,"href":"http:\/\/desarrollo.grupomedios.com\/futbol\/wp-json\/wp\/v2\/categories?post=498867"},{"taxonomy":"post_tag","embeddable":true,"href":"http:\/\/desarrollo.grupomedios.com\/futbol\/wp-json\/wp\/v2\/tags?post=498867"}],"curies":[{"name":"wp","href":"https:\/\/api.w.org\/{rel}","templated":true}]}}