{"id":498896,"date":"2017-09-08T15:21:03","date_gmt":"2017-09-08T20:21:03","guid":{"rendered":"https:\/\/www.futboltotal.com.mx\/?p=498896"},"modified":"2017-09-08T15:21:03","modified_gmt":"2017-09-08T20:21:03","slug":"zlatan-ibrahimovic-le-envia-mensaje-a-jose-mourinho","status":"publish","type":"post","link":"http:\/\/desarrollo.grupomedios.com\/futbol\/futbol-internacional\/zlatan-ibrahimovic-le-envia-mensaje-a-jose-mourinho\/2017\/09","title":{"rendered":"Zlatan Ibrahimovic le env\u00eda mensaje a Jos\u00e9 Mourinho"},"content":{"rendered":"<p>El delantero sueco, <strong>Zlatan Ibrahimovic<\/strong> le envi\u00f3 un mensaje al estratega de su equipo <strong>Manchester United<\/strong>, <strong>Jos\u00e9 Mourinho<\/strong>.<\/p>\n<p>Todo parece indicar que &#8216;Ibra&#8217; regresar\u00e1 antes de lo previsto de su lesi\u00f3n, aquella que lo margin\u00f3 desde la temporada pasada.<\/p>\n<p style=\"text-align: center;\"><span style=\"color: #333399;\"><a style=\"color: #333399;\" href=\"https:\/\/www.futboltotal.com.mx\/2017\/09\/mexico-jugara-ante-alemania-inglaterra-en-noviembre\/\" target=\"_blank\" rel=\"noopener noreferrer\">VER M\u00c1S: M\u00e9xico jugar\u00e1 ante Alemania o Inglaterra en noviembre<\/a><\/span><\/p>\n<p>Ahora despu\u00e9s de haber firmado un nuevo contrato con el Manchester United y cambiar de dorsal al &#8217;10&#8217;, Zlatan le ha enviado un mensaje a Mou; <strong>&#8220;Dile a Jose que all\u00e1 voy&#8221;<\/strong>, indic\u00f3 el sueco en sus redes sociales junto a un video en el que ya aparece corriendo en una caminadora.<\/p>\n<blockquote class=\"twitter-tweet\" data-lang=\"es\">\n<p dir=\"ltr\" lang=\"en\">Tell Jose I&#8217;m coming <a href=\"https:\/\/t.co\/ozN6bNL7DA\">pic.twitter.com\/ozN6bNL7DA<\/a><\/p>\n<p>\u2014 Zlatan Ibrahimovi\u0107 (@Ibra_official) <a href=\"https:\/\/twitter.com\/Ibra_official\/status\/906209723711672323\">8 de septiembre de 2017<\/a><\/p><\/blockquote>\n<p><script async src=\"\/\/platform.twitter.com\/widgets.js\" charset=\"utf-8\"><\/script><\/p>\n<p>Tal parece que Mourinho tendr\u00e1 una disyuntiva cuando Zlatan est\u00e9 al 100%, pues el belga,<strong> Romelu Lukaku<\/strong> est\u00e1 teniendo un inicio de temporada fant\u00e1stico en la<strong> Premier League<\/strong>.<\/p>\n<p style=\"text-align: center;\"><span style=\"color: #333399;\"><a style=\"color: #333399;\" href=\"https:\/\/www.futboltotal.com.mx\/2017\/09\/piojo-manda-a-la-banca-a-cecilio-dominguez-este-jugador\/\" target=\"_blank\" rel=\"noopener noreferrer\">VER M\u00c1S: Piojo manda a la banca a Cecilio Dom\u00ednguez por este jugador<\/a><\/span><\/p>\n","protected":false},"excerpt":{"rendered":"<p>El sueco podr\u00eda volver a las canchas antes de lo previsto<\/p>\n","protected":false},"author":20,"featured_media":479852,"comment_status":"closed","ping_status":"closed","sticky":false,"template":"","format":"standard","meta":[],"categories":[3839],"tags":[288,43,334,6059],"_links":{"self":[{"href":"http:\/\/desarrollo.grupomedios.com\/futbol\/wp-json\/wp\/v2\/posts\/498896"}],"collection":[{"href":"http:\/\/desarrollo.grupomedios.com\/futbol\/wp-json\/wp\/v2\/posts"}],"about":[{"href":"http:\/\/desarrollo.grupomedios.com\/futbol\/wp-json\/wp\/v2\/types\/post"}],"author":[{"embeddable":true,"href":"http:\/\/desarrollo.grupomedios.com\/futbol\/wp-json\/wp\/v2\/users\/20"}],"replies":[{"embeddable":true,"href":"http:\/\/desarrollo.grupomedios.com\/futbol\/wp-json\/wp\/v2\/comments?post=498896"}],"version-history":[{"count":1,"href":"http:\/\/desarrollo.grupomedios.com\/futbol\/wp-json\/wp\/v2\/posts\/498896\/revisions"}],"predecessor-version":[{"id":498902,"href":"http:\/\/desarrollo.grupomedios.com\/futbol\/wp-json\/wp\/v2\/posts\/498896\/revisions\/498902"}],"wp:featuredmedia":[{"embeddable":true,"href":"http:\/\/desarrollo.grupomedios.com\/futbol\/wp-json\/wp\/v2\/media\/479852"}],"wp:attachment":[{"href":"http:\/\/desarrollo.grupomedios.com\/futbol\/wp-json\/wp\/v2\/media?parent=498896"}],"wp:term":[{"taxonomy":"category","embeddable":true,"href":"http:\/\/desarrollo.grupomedios.com\/futbol\/wp-json\/wp\/v2\/categories?post=498896"},{"taxonomy":"post_tag","embeddable":true,"href":"http:\/\/desarrollo.grupomedios.com\/futbol\/wp-json\/wp\/v2\/tags?post=498896"}],"curies":[{"name":"wp","href":"https:\/\/api.w.org\/{rel}","templated":true}]}}