{"id":498906,"date":"2017-09-08T17:02:29","date_gmt":"2017-09-08T22:02:29","guid":{"rendered":"https:\/\/www.futboltotal.com.mx\/?p=498906"},"modified":"2017-09-08T17:02:29","modified_gmt":"2017-09-08T22:02:29","slug":"real-madrid-pone-la-mira-en-las-joyas-alemanas","status":"publish","type":"post","link":"http:\/\/desarrollo.grupomedios.com\/futbol\/futbol-internacional\/real-madrid-pone-la-mira-en-las-joyas-alemanas\/2017\/09","title":{"rendered":"Real Madrid pone la mira en las joyas alemanas"},"content":{"rendered":"<p>Medios espa\u00f1oles aseguran que el <strong>Real Madrid<\/strong> ya habr\u00eda puesto la mira en la nueva joya del f\u00fatbol alem\u00e1n, se trata de T<strong>imo Werner<\/strong>, <strong>delantero<\/strong> de 21 a\u00f1os que juega en el <strong>RB Leipzig<\/strong> y que es visto con buenos ojos por la entidad madridista.<\/p>\n<p>El inter\u00e9s lo muestran desde hace tiempo pero en esta fecha FIFA acudieron a verlo jugar en el duelo de Alemania ante Noruega donde el teut\u00f3n brillo al anotar dos goles en la goleada 6-0, actualmente <strong>Karim Benzema<\/strong> y <strong>Borja Mayoral<\/strong> junto a <strong>Lucas V\u00e1zquez<\/strong> son los \u00fanicos delanteros natos en Valdebebas.<\/p>\n<p style=\"text-align: center;\"><span style=\"color: #333399;\"><a style=\"color: #333399;\" href=\"https:\/\/www.futboltotal.com.mx\/2017\/09\/neymar-era-opacado-messi-en-barcelona-pele\/\" target=\"_blank\" rel=\"noopener noreferrer\">VER M\u00c1S: \u00bfS\u00ed era Neymar opacado por Messi?\u00a0<\/a><\/span><\/p>\n<p>El problema es que Karim Benzema est\u00e1 envejeciendo y no pasa por el mejor momento, su cuota goleadora ha comenzado a bajar demasiado para el delantero centro titular de los merengues, Borja Mayoral, tuvo una temporada de ensue\u00f1o con el <strong>Wolfsburgo<\/strong> que le vali\u00f3 regresar a la capital espa\u00f1ola.<\/p>\n<p>Sin embargo, para <strong>Zidane<\/strong>, a\u00fan no es el hombre de su total confianza para cubrir a Benzema y el caso de Lucas V\u00e1zquez que aunque ha demostrado ser muy talentoso, es regular cambio de <strong>Gareth<\/strong> <strong>Bale<\/strong> por la banda derecha.<\/p>\n<p>El delantero ser\u00eda una incorporaci\u00f3n que seguir\u00eda la l\u00ednea del Madrid en los \u00faltimos a\u00f1os, jugador joven, talentoso y que le d\u00e9 proyecci\u00f3n al equipo; Marco Asensio y el propio V\u00e1zquez as\u00ed como Nacho y Carvajal, son los ejemplos m\u00e1s claros y Dani Ceballos es un jugador en proceso de construcci\u00f3n por lo que Timo recalcar\u00eda de lujo en la entidad blanca.<\/p>\n<p>Werner dio el paso gigante la campa\u00f1a anterior cu\u00e1ndo con el Leipzig anot\u00f3 21 goles en los 31 partidos que disput\u00f3 y se puso a la altura de delanteros como <strong>Robert<\/strong> <strong>Lewandowski<\/strong>, <strong>Thomas<\/strong> <strong>M\u00fcller<\/strong>, <strong>Pierre-Emerick<\/strong> <strong>Aubameyang<\/strong> y <strong>Javier<\/strong> <strong>Hern\u00e1ndez<\/strong>, el chico que se proclam\u00f3 campe\u00f3n con Alemania de la Copa Confederaciones, es el mayor objeto de deseo de los blancos.<\/p>\n<p>&nbsp;<\/p>\n","protected":false},"excerpt":{"rendered":"<p>Timo Werner ser\u00eda el recambio de Benzema que los merengues habr\u00edan elegido.<\/p>\n","protected":false},"author":163,"featured_media":498933,"comment_status":"closed","ping_status":"closed","sticky":false,"template":"","format":"standard","meta":[],"categories":[3839,3844],"tags":[2293,5988,4010,10131],"_links":{"self":[{"href":"http:\/\/desarrollo.grupomedios.com\/futbol\/wp-json\/wp\/v2\/posts\/498906"}],"collection":[{"href":"http:\/\/desarrollo.grupomedios.com\/futbol\/wp-json\/wp\/v2\/posts"}],"about":[{"href":"http:\/\/desarrollo.grupomedios.com\/futbol\/wp-json\/wp\/v2\/types\/post"}],"author":[{"embeddable":true,"href":"http:\/\/desarrollo.grupomedios.com\/futbol\/wp-json\/wp\/v2\/users\/163"}],"replies":[{"embeddable":true,"href":"http:\/\/desarrollo.grupomedios.com\/futbol\/wp-json\/wp\/v2\/comments?post=498906"}],"version-history":[{"count":2,"href":"http:\/\/desarrollo.grupomedios.com\/futbol\/wp-json\/wp\/v2\/posts\/498906\/revisions"}],"predecessor-version":[{"id":498934,"href":"http:\/\/desarrollo.grupomedios.com\/futbol\/wp-json\/wp\/v2\/posts\/498906\/revisions\/498934"}],"wp:featuredmedia":[{"embeddable":true,"href":"http:\/\/desarrollo.grupomedios.com\/futbol\/wp-json\/wp\/v2\/media\/498933"}],"wp:attachment":[{"href":"http:\/\/desarrollo.grupomedios.com\/futbol\/wp-json\/wp\/v2\/media?parent=498906"}],"wp:term":[{"taxonomy":"category","embeddable":true,"href":"http:\/\/desarrollo.grupomedios.com\/futbol\/wp-json\/wp\/v2\/categories?post=498906"},{"taxonomy":"post_tag","embeddable":true,"href":"http:\/\/desarrollo.grupomedios.com\/futbol\/wp-json\/wp\/v2\/tags?post=498906"}],"curies":[{"name":"wp","href":"https:\/\/api.w.org\/{rel}","templated":true}]}}