{"id":498908,"date":"2017-09-08T16:01:36","date_gmt":"2017-09-08T21:01:36","guid":{"rendered":"https:\/\/www.futboltotal.com.mx\/?p=498908"},"modified":"2017-09-08T16:01:36","modified_gmt":"2017-09-08T21:01:36","slug":"ya-los-salaron-chivas-tv-desea-suerte-a-lobos-tv","status":"publish","type":"post","link":"http:\/\/desarrollo.grupomedios.com\/futbol\/futbol-mexicano\/ya-los-salaron-chivas-tv-desea-suerte-a-lobos-tv\/2017\/09","title":{"rendered":"\u00bfYa los salaron? Chivas TV desea suerte a Lobos TV"},"content":{"rendered":"<p>Amaury Vergara, director de <strong>Chivas TV<\/strong>, dese\u00f3 suerte a la Benem\u00e9rita Universidad Aut\u00f3noma de Puebla por la se\u00f1al que emitir\u00e1n con <strong>Lobos TV<\/strong>, canal que va a transmitir los juegos del equipo Lobos BUAP.<\/p>\n<p>En entrevista con Mediotiempo, Vergara se\u00f1al\u00f3 que &#8220;el streaming es lo de ahora&#8221;, y celebr\u00f3 que los Lobos se hayan atrevido a generar un canal en el que puedas observar a tu equipo favorito.<\/p>\n<p style=\"text-align: center;\"><span style=\"color: #333399;\"><a style=\"color: #333399;\" href=\"https:\/\/www.futboltotal.com.mx\/2017\/09\/lo-que-no-te-puedes-perder-de-la-jornada-8-del-apertura-2017\/\">VER M\u00c1S:\u00a0<span class=\"item-title\">Lo que no te puedes perder de la Jornada 8 del Apertura 2017<\/span><\/a><\/span><\/p>\n<p>Sin embargo, dej\u00f3 claro que no era lo mismo transmitir Chivas TV, con un p\u00fablico mucho mayor por el equipo al que transmite, que lo que podr\u00e1 ser Lobos TV con los <strong>Lobos BUAP<\/strong>.<\/p>\n<p>&#8220;Yo creo que les ir\u00e1 bien, porque este tipo de plataformas son lo de hoy, y mucho les va a ayudar el hecho que los aficionados se vayan acoplando a las nuevas tecnolog\u00edas&#8221;, se\u00f1al\u00f3 Amaury Vergara.<\/p>\n<p style=\"text-align: center;\"><span style=\"color: #333399;\"><a style=\"color: #333399;\" href=\"https:\/\/www.futboltotal.com.mx\/2017\/09\/chivas-mete-las-manos-al-fuego-matias-almeyda\/\">VER M\u00c1S:\u00a0<span class=\"item-title\">Chivas mete las manos al fuego por Mat\u00edas Almeyda<\/span><\/a><\/span><\/p>\n","protected":false},"excerpt":{"rendered":"<p>Amaury Vergara, director de la se\u00f1al del Reba\u00f1o, dese\u00f3 lo mejor a los poblanos<\/p>\n","protected":false},"author":20,"featured_media":498911,"comment_status":"closed","ping_status":"closed","sticky":false,"template":"","format":"standard","meta":[],"categories":[2198,3845],"tags":[7110,9760],"_links":{"self":[{"href":"http:\/\/desarrollo.grupomedios.com\/futbol\/wp-json\/wp\/v2\/posts\/498908"}],"collection":[{"href":"http:\/\/desarrollo.grupomedios.com\/futbol\/wp-json\/wp\/v2\/posts"}],"about":[{"href":"http:\/\/desarrollo.grupomedios.com\/futbol\/wp-json\/wp\/v2\/types\/post"}],"author":[{"embeddable":true,"href":"http:\/\/desarrollo.grupomedios.com\/futbol\/wp-json\/wp\/v2\/users\/20"}],"replies":[{"embeddable":true,"href":"http:\/\/desarrollo.grupomedios.com\/futbol\/wp-json\/wp\/v2\/comments?post=498908"}],"version-history":[{"count":1,"href":"http:\/\/desarrollo.grupomedios.com\/futbol\/wp-json\/wp\/v2\/posts\/498908\/revisions"}],"predecessor-version":[{"id":498912,"href":"http:\/\/desarrollo.grupomedios.com\/futbol\/wp-json\/wp\/v2\/posts\/498908\/revisions\/498912"}],"wp:featuredmedia":[{"embeddable":true,"href":"http:\/\/desarrollo.grupomedios.com\/futbol\/wp-json\/wp\/v2\/media\/498911"}],"wp:attachment":[{"href":"http:\/\/desarrollo.grupomedios.com\/futbol\/wp-json\/wp\/v2\/media?parent=498908"}],"wp:term":[{"taxonomy":"category","embeddable":true,"href":"http:\/\/desarrollo.grupomedios.com\/futbol\/wp-json\/wp\/v2\/categories?post=498908"},{"taxonomy":"post_tag","embeddable":true,"href":"http:\/\/desarrollo.grupomedios.com\/futbol\/wp-json\/wp\/v2\/tags?post=498908"}],"curies":[{"name":"wp","href":"https:\/\/api.w.org\/{rel}","templated":true}]}}