{"id":498919,"date":"2017-09-09T16:20:25","date_gmt":"2017-09-09T21:20:25","guid":{"rendered":"https:\/\/www.futboltotal.com.mx\/?p=498919"},"modified":"2017-09-09T18:59:24","modified_gmt":"2017-09-09T23:59:24","slug":"minuto-a-minuto-lobos-buap-vs-morelia-los-poblanos-a-retomar-camino","status":"publish","type":"post","link":"http:\/\/desarrollo.grupomedios.com\/futbol\/futbol-mexicano\/minuto-a-minuto-lobos-buap-vs-morelia-los-poblanos-a-retomar-camino\/2017\/09","title":{"rendered":"MINUTO A MINUTO | Lobos BUAP vs Morelia, los poblanos a retomar el camino"},"content":{"rendered":"<iframe src=\"https:\/\/en-vivo.futboltotal.com.mx\/embed.php\/?id=266\" width=\"100%\" id=\"frame_minuto\"><\/iframe>\n<p>No olvides que aqu\u00ed puedes seguir todas las acciones del encuentro entre\u00a0<strong>Lobos BUAP<\/strong>\u00a0y\u00a0<strong>Monarcas Morelia<\/strong><\/p>\n<p><strong>Lobos BUAP<\/strong> y <strong>Monarcas Morelia<\/strong> se ver\u00e1n las\u00a0caras en el marco de la<strong> jornada 8<\/strong> de la <strong>Liga MX<\/strong>, los poblanos en busca de retomar el camino y los michoacanos a seguir con el buen paso.<\/p>\n<p style=\"text-align: center;\"><span style=\"color: #333399;\"><a style=\"color: #333399;\" href=\"https:\/\/www.futboltotal.com.mx\/2017\/09\/zlatan-ibrahimovic-le-envia-mensaje-a-jose-mourinho\/\" target=\"_blank\" rel=\"noopener noreferrer\">VER M\u00c1S: Zlatan le env\u00eda mensaje a Mourinho<\/a><\/span><\/p>\n<p>Lobos BUAP estrenar\u00e1 transmisi\u00f3n a trav\u00e9s de internet y querr\u00e1n hacerlo con un triunfo, luego de perder en la fecha 7 ante <strong>Tigres<\/strong> y estar en el lugar 12 de la tabla general.<\/p>\n<p>Por su parte, Monarcas llega luego de un triunfo importante ante <strong>Am\u00e9rica<\/strong> en calidad de local y est\u00e1 en el noveno lugar, cerca de puestos de liguilla.<\/p>\n<p style=\"text-align: center;\"><span style=\"color: #333399;\"><a style=\"color: #333399;\" href=\"https:\/\/www.futboltotal.com.mx\/2017\/09\/asi-fue-primer-gol-mbappe-psg\/\" target=\"_blank\" rel=\"noopener noreferrer\">VER M\u00c1S: As\u00ed fue el primer gol de Mbapp\u00e9 con el PSG<\/a><\/span><\/p>\n","protected":false},"excerpt":{"rendered":"<p>El cuadro poblano buscar\u00e1 regresar a la senda del triunfo<\/p>\n","protected":false},"author":20,"featured_media":499107,"comment_status":"closed","ping_status":"closed","sticky":false,"template":"","format":"standard","meta":[],"categories":[2198,3845],"tags":[8357,64,431,85,5967],"_links":{"self":[{"href":"http:\/\/desarrollo.grupomedios.com\/futbol\/wp-json\/wp\/v2\/posts\/498919"}],"collection":[{"href":"http:\/\/desarrollo.grupomedios.com\/futbol\/wp-json\/wp\/v2\/posts"}],"about":[{"href":"http:\/\/desarrollo.grupomedios.com\/futbol\/wp-json\/wp\/v2\/types\/post"}],"author":[{"embeddable":true,"href":"http:\/\/desarrollo.grupomedios.com\/futbol\/wp-json\/wp\/v2\/users\/20"}],"replies":[{"embeddable":true,"href":"http:\/\/desarrollo.grupomedios.com\/futbol\/wp-json\/wp\/v2\/comments?post=498919"}],"version-history":[{"count":1,"href":"http:\/\/desarrollo.grupomedios.com\/futbol\/wp-json\/wp\/v2\/posts\/498919\/revisions"}],"predecessor-version":[{"id":498927,"href":"http:\/\/desarrollo.grupomedios.com\/futbol\/wp-json\/wp\/v2\/posts\/498919\/revisions\/498927"}],"wp:featuredmedia":[{"embeddable":true,"href":"http:\/\/desarrollo.grupomedios.com\/futbol\/wp-json\/wp\/v2\/media\/499107"}],"wp:attachment":[{"href":"http:\/\/desarrollo.grupomedios.com\/futbol\/wp-json\/wp\/v2\/media?parent=498919"}],"wp:term":[{"taxonomy":"category","embeddable":true,"href":"http:\/\/desarrollo.grupomedios.com\/futbol\/wp-json\/wp\/v2\/categories?post=498919"},{"taxonomy":"post_tag","embeddable":true,"href":"http:\/\/desarrollo.grupomedios.com\/futbol\/wp-json\/wp\/v2\/tags?post=498919"}],"curies":[{"name":"wp","href":"https:\/\/api.w.org\/{rel}","templated":true}]}}