{"id":498923,"date":"2017-09-08T16:53:23","date_gmt":"2017-09-08T21:53:23","guid":{"rendered":"https:\/\/www.futboltotal.com.mx\/?p=498923"},"modified":"2017-09-08T16:53:23","modified_gmt":"2017-09-08T21:53:23","slug":"higuera-se-calienta-en-entrevista-telefonica-periodista-mexicano","status":"publish","type":"post","link":"http:\/\/desarrollo.grupomedios.com\/futbol\/futbol-mexicano\/higuera-se-calienta-en-entrevista-telefonica-periodista-mexicano\/2017\/09","title":{"rendered":"Higuera &#8216;se calienta&#8217; en entrevista telef\u00f3nica con periodista mexicano"},"content":{"rendered":"<p><strong>Jos\u00e9 Luis Higuera<\/strong> confront\u00f3 al periodista Rub\u00e9n Rodr\u00edguez y calific\u00f3 como &#8220;tontas&#8221; sus preguntas durante una entrevista telef\u00f3nica transmitida en un programa de la cadena <em>Fox Sports.<\/em><\/p>\n<p>El CEO de Chivas habl\u00f3\u00a0sobre la situaci\u00f3n de Mat\u00edas Almeyda\u00a0en el Reba\u00f1o, donde calific\u00f3 de &#8220;impensable&#8221; el hecho de que se pretenda traer a otro entrenador para las <strong>Chivas<\/strong>.<\/p>\n<p style=\"text-align: center;\"><span style=\"color: #333399;\"><a style=\"color: #333399;\" href=\"https:\/\/www.futboltotal.com.mx\/2017\/09\/ya-los-salaron-chivas-tv-desea-suerte-a-lobos-tv\/\">VER M\u00c1S:\u00a0<span class=\"item-title\">\u00bfYa los salaron? Chivas TV desea suerte a Lobos TV<\/span><\/a><\/span><\/p>\n<p>Mientras la entrevista se daba, <strong>Rub\u00e9n Rodr\u00edguez<\/strong> lo cuestion\u00f3 sobre las im\u00e1genes que public\u00f3 Higuera en su cuenta de Twitter donde aparece con algunos entrenadores de equipos ingleses, ahora que estuvo de visita por tierras brit\u00e1nicas.<\/p>\n<p>La situaci\u00f3n no fue del agrado de Jos\u00e9 Luis Higuera, y pidi\u00f3 a Rodr\u00edguez que no le hiciera preguntas &#8220;tontas&#8221;, dejando en claro que Almeyda est\u00e1 al 100 por ciento como entrenador del Guadalajara, y no se le busca ning\u00fan sustituto.<\/p>\n<p style=\"text-align: center;\"><a href=\"https:\/\/www.futboltotal.com.mx\/2017\/09\/lo-que-no-te-puedes-perder-de-la-jornada-8-del-apertura-2017\/\">VER M\u00c1S:\u00a0Lo que no te puedes perder de la Jornada 8 del Apertura 2017<\/a><\/p>\n<p>Rub\u00e9n Rodr\u00edguez cerr\u00f3 su cuestionamiento, con una frase que tampoco le agrad\u00f3 al CEO de Chivas, &#8220;seguro t\u00fa estudiaste clases de periodismo para saber qu\u00e9 preguntas son correctas&#8221;.<\/p>\n","protected":false},"excerpt":{"rendered":"<p>El CEO de Chivas calific\u00f3 sus preguntas como &#8220;tontas&#8221; en plena transmisi\u00f3n<\/p>\n","protected":false},"author":20,"featured_media":498925,"comment_status":"closed","ping_status":"closed","sticky":false,"template":"","format":"standard","meta":[],"categories":[2198,3845],"tags":[70,7368,8386],"_links":{"self":[{"href":"http:\/\/desarrollo.grupomedios.com\/futbol\/wp-json\/wp\/v2\/posts\/498923"}],"collection":[{"href":"http:\/\/desarrollo.grupomedios.com\/futbol\/wp-json\/wp\/v2\/posts"}],"about":[{"href":"http:\/\/desarrollo.grupomedios.com\/futbol\/wp-json\/wp\/v2\/types\/post"}],"author":[{"embeddable":true,"href":"http:\/\/desarrollo.grupomedios.com\/futbol\/wp-json\/wp\/v2\/users\/20"}],"replies":[{"embeddable":true,"href":"http:\/\/desarrollo.grupomedios.com\/futbol\/wp-json\/wp\/v2\/comments?post=498923"}],"version-history":[{"count":1,"href":"http:\/\/desarrollo.grupomedios.com\/futbol\/wp-json\/wp\/v2\/posts\/498923\/revisions"}],"predecessor-version":[{"id":498929,"href":"http:\/\/desarrollo.grupomedios.com\/futbol\/wp-json\/wp\/v2\/posts\/498923\/revisions\/498929"}],"wp:featuredmedia":[{"embeddable":true,"href":"http:\/\/desarrollo.grupomedios.com\/futbol\/wp-json\/wp\/v2\/media\/498925"}],"wp:attachment":[{"href":"http:\/\/desarrollo.grupomedios.com\/futbol\/wp-json\/wp\/v2\/media?parent=498923"}],"wp:term":[{"taxonomy":"category","embeddable":true,"href":"http:\/\/desarrollo.grupomedios.com\/futbol\/wp-json\/wp\/v2\/categories?post=498923"},{"taxonomy":"post_tag","embeddable":true,"href":"http:\/\/desarrollo.grupomedios.com\/futbol\/wp-json\/wp\/v2\/tags?post=498923"}],"curies":[{"name":"wp","href":"https:\/\/api.w.org\/{rel}","templated":true}]}}