{"id":498928,"date":"2017-09-09T16:17:29","date_gmt":"2017-09-09T21:17:29","guid":{"rendered":"https:\/\/www.futboltotal.com.mx\/?p=498928"},"modified":"2017-09-09T19:02:42","modified_gmt":"2017-09-10T00:02:42","slug":"minuto-a-minuto-queretaro-vs-leon-la-fiera-a-salir-del-fondo","status":"publish","type":"post","link":"http:\/\/desarrollo.grupomedios.com\/futbol\/futbol-mexicano\/minuto-a-minuto-queretaro-vs-leon-la-fiera-a-salir-del-fondo\/2017\/09","title":{"rendered":"MINUTO A MINUTO | Quer\u00e9taro vs Le\u00f3n, la Fiera a salir del fondo"},"content":{"rendered":"<p>Te invitamos a seguir a trav\u00e9s de nuestro Minuto a Minuto todas las acciones del encuentro entre Quer\u00e9taro y Le\u00f3n.<\/p>\n<iframe src=\"https:\/\/en-vivo.futboltotal.com.mx\/embed.php\/?id=267\" width=\"100%\" id=\"frame_minuto\"><\/iframe>\n<p><strong>Quer\u00e9taro y Le\u00f3n<\/strong> se enfrentan en la Jornada 8 del<strong> Apertura 2017<\/strong>, ambos est\u00e1n fuera de posiciones de liguilla, por lo que buscar\u00e1n el triunfo para tener m\u00e1s vida en el torneo.<\/p>\n<p style=\"text-align: center;\"><span style=\"color: #333399;\"><a style=\"color: #333399;\" href=\"https:\/\/www.futboltotal.com.mx\/2017\/09\/revelan-las-tecnicas-sueno-cristiano-ronaldo\/\" target=\"_blank\" rel=\"noopener noreferrer\">VER M\u00c1S: Revelan las t\u00e9cnicas de sue\u00f1o de Cristiano Ronaldo<\/a><\/span><\/p>\n<p>Gallos Blancos llega al encuentro luego de un deslucido empate ante <strong>Chivas<\/strong> y se encuentra en el lugar once de la tabla general, aun punto del octavo lugar, por lo que un triunfo podr\u00eda catapultarlo.<\/p>\n<p>Por su pare Le\u00f3n estrenar\u00e1 DT, <strong>Gustavo D\u00edaz<\/strong>, sin embargo, viene de perder como local ante <strong>Santos Laguna<\/strong> y se encuentra en el lugar n\u00famero quince de la tabla, a tres puntos del octavo sitio.<\/p>\n<p style=\"text-align: center;\"><span style=\"color: #333399;\"><a style=\"color: #333399;\" href=\"https:\/\/www.futboltotal.com.mx\/2017\/09\/asi-fue-primer-gol-mbappe-psg\/\" target=\"_blank\" rel=\"noopener noreferrer\">VER M\u00c1S: As\u00ed fue el primer gol de Mbapp\u00e9 con el PSG<\/a><\/span><\/p>\n","protected":false},"excerpt":{"rendered":"<p>Ambos buscar\u00e1n escalar posiciones en la tabla general<\/p>\n","protected":false},"author":20,"featured_media":499103,"comment_status":"closed","ping_status":"closed","sticky":false,"template":"","format":"standard","meta":[],"categories":[2198,3845],"tags":[8357,5965,64,5970],"_links":{"self":[{"href":"http:\/\/desarrollo.grupomedios.com\/futbol\/wp-json\/wp\/v2\/posts\/498928"}],"collection":[{"href":"http:\/\/desarrollo.grupomedios.com\/futbol\/wp-json\/wp\/v2\/posts"}],"about":[{"href":"http:\/\/desarrollo.grupomedios.com\/futbol\/wp-json\/wp\/v2\/types\/post"}],"author":[{"embeddable":true,"href":"http:\/\/desarrollo.grupomedios.com\/futbol\/wp-json\/wp\/v2\/users\/20"}],"replies":[{"embeddable":true,"href":"http:\/\/desarrollo.grupomedios.com\/futbol\/wp-json\/wp\/v2\/comments?post=498928"}],"version-history":[{"count":3,"href":"http:\/\/desarrollo.grupomedios.com\/futbol\/wp-json\/wp\/v2\/posts\/498928\/revisions"}],"predecessor-version":[{"id":499081,"href":"http:\/\/desarrollo.grupomedios.com\/futbol\/wp-json\/wp\/v2\/posts\/498928\/revisions\/499081"}],"wp:featuredmedia":[{"embeddable":true,"href":"http:\/\/desarrollo.grupomedios.com\/futbol\/wp-json\/wp\/v2\/media\/499103"}],"wp:attachment":[{"href":"http:\/\/desarrollo.grupomedios.com\/futbol\/wp-json\/wp\/v2\/media?parent=498928"}],"wp:term":[{"taxonomy":"category","embeddable":true,"href":"http:\/\/desarrollo.grupomedios.com\/futbol\/wp-json\/wp\/v2\/categories?post=498928"},{"taxonomy":"post_tag","embeddable":true,"href":"http:\/\/desarrollo.grupomedios.com\/futbol\/wp-json\/wp\/v2\/tags?post=498928"}],"curies":[{"name":"wp","href":"https:\/\/api.w.org\/{rel}","templated":true}]}}