{"id":498946,"date":"2017-09-08T18:59:04","date_gmt":"2017-09-08T23:59:04","guid":{"rendered":"https:\/\/www.futboltotal.com.mx\/?p=498946"},"modified":"2017-09-08T18:59:04","modified_gmt":"2017-09-08T23:59:04","slug":"raul-jimenez-juega-en-triunfo-del-benfica-2","status":"publish","type":"post","link":"http:\/\/desarrollo.grupomedios.com\/futbol\/futbol-internacional\/raul-jimenez-juega-en-triunfo-del-benfica-2\/2017\/09","title":{"rendered":"Ra\u00fal Jim\u00e9nez juega en triunfo del Benfica"},"content":{"rendered":"<p>El <strong>Sporting de Portugal<\/strong> y el <strong>Benfica<\/strong> lograron sendas victorias en sus compromisos ligueros antes del inicio de la Liga de Campeones, un triunfo &#8220;in extremis&#8221; de los &#8220;leones&#8221; ante el <strong>Feirense<\/strong> (2-3) y una remontada del <span class=\"classCadenaBusqueda\">Benfica<\/span> contra el <strong>Portimonense<\/strong> (2-1) con ayuda del video-\u00e1rbitro.<\/p>\n<p>En la quinta jornada de la Liga portuguesa, los &#8220;leones&#8221; lideran en solitario con un pleno de victorias y 15 puntos -a la espera del Oporto, que el s\u00e1bado tambi\u00e9n puede sumarse al pleno-, mientras que el <span class=\"classCadenaBusqueda\">Benfica<\/span> es segundo con 13 puntos.<\/p>\n<p>El Sporting, rival del Barcelona en la fase de grupos de la Liga de Campeones, logr\u00f3 mantener el liderato liguero gracias a un gol de penalti en el descuento.<\/p>\n<p style=\"text-align: center;\"><span style=\"color: #333399;\">VER M\u00c1S:\u00a0<span class=\"item-title\">Mujer \u00e1rbitro vivir\u00e1 emotivo momento en la Bundesliga<\/span><\/span><\/p>\n<p>Tras una primera parte floja, el Sporting consigui\u00f3 encauzar el partido tras el descanso con un gol del uruguayo Sebasti\u00e1n Coates de cabeza en la secuencia de un lanzamiento de c\u00f3rner en el 62 y otro tanto tres minutos despu\u00e9s de Bruno Fernandes tras hacer un sombrero al guardameta rival.<\/p>\n<p>Sin embargo, el Feirense no se vino atr\u00e1s y consigui\u00f3 poner las tablas en el marcador: el portugu\u00e9s Jo\u00e3o Silva cabece\u00f3 un bal\u00f3n imparable en un c\u00f3rner en el 69 y el nigeriano Peter Etebo bati\u00f3 a Rui Patricio con un remate cruzado en el 80.<\/p>\n<p>Los dos equipos llegaron al final sin renunciar a la victoria, pero la balanza acab\u00f3 cayendo hacia el lado del Sporting, que marc\u00f3 el gol definitivo con un gol de penalti del holand\u00e9s Bas Dost en el \u00faltimo minuto de juego.<\/p>\n<p style=\"text-align: center;\"><span style=\"color: #333399;\"><a style=\"color: #333399;\" href=\"https:\/\/www.futboltotal.com.mx\/2017\/09\/real-madrid-pone-la-mira-en-las-joyas-alemanas\/\">VER M\u00c1S:\u00a0<span class=\"item-title\">Real Madrid pone la mira en las joyas alemanas<\/span><\/a><\/span><\/p>\n<p>Pese a jugar contra un reci\u00e9n ascendido, el <span class=\"classCadenaBusqueda\">Benfica<\/span> tampoco lo tuvo f\u00e1cil para sumar los tres puntos.<\/p>\n<p>&nbsp;<\/p>\n","protected":false},"excerpt":{"rendered":"<p>Ra\u00fal Jim\u00e9nez entr\u00f3 al minuto 73 en el triunfo sobre el Portimonense<\/p>\n","protected":false},"author":144,"featured_media":498947,"comment_status":"closed","ping_status":"closed","sticky":false,"template":"","format":"standard","meta":[],"categories":[3839,7709],"tags":[6060,742],"_links":{"self":[{"href":"http:\/\/desarrollo.grupomedios.com\/futbol\/wp-json\/wp\/v2\/posts\/498946"}],"collection":[{"href":"http:\/\/desarrollo.grupomedios.com\/futbol\/wp-json\/wp\/v2\/posts"}],"about":[{"href":"http:\/\/desarrollo.grupomedios.com\/futbol\/wp-json\/wp\/v2\/types\/post"}],"author":[{"embeddable":true,"href":"http:\/\/desarrollo.grupomedios.com\/futbol\/wp-json\/wp\/v2\/users\/144"}],"replies":[{"embeddable":true,"href":"http:\/\/desarrollo.grupomedios.com\/futbol\/wp-json\/wp\/v2\/comments?post=498946"}],"version-history":[{"count":1,"href":"http:\/\/desarrollo.grupomedios.com\/futbol\/wp-json\/wp\/v2\/posts\/498946\/revisions"}],"predecessor-version":[{"id":498948,"href":"http:\/\/desarrollo.grupomedios.com\/futbol\/wp-json\/wp\/v2\/posts\/498946\/revisions\/498948"}],"wp:featuredmedia":[{"embeddable":true,"href":"http:\/\/desarrollo.grupomedios.com\/futbol\/wp-json\/wp\/v2\/media\/498947"}],"wp:attachment":[{"href":"http:\/\/desarrollo.grupomedios.com\/futbol\/wp-json\/wp\/v2\/media?parent=498946"}],"wp:term":[{"taxonomy":"category","embeddable":true,"href":"http:\/\/desarrollo.grupomedios.com\/futbol\/wp-json\/wp\/v2\/categories?post=498946"},{"taxonomy":"post_tag","embeddable":true,"href":"http:\/\/desarrollo.grupomedios.com\/futbol\/wp-json\/wp\/v2\/tags?post=498946"}],"curies":[{"name":"wp","href":"https:\/\/api.w.org\/{rel}","templated":true}]}}