{"id":499009,"date":"2017-09-09T09:24:50","date_gmt":"2017-09-09T14:24:50","guid":{"rendered":"https:\/\/www.futboltotal.com.mx\/?p=499009"},"modified":"2017-09-09T09:24:50","modified_gmt":"2017-09-09T14:24:50","slug":"tigres-donara-dinero-taquilla-a-victimas-sismo","status":"publish","type":"post","link":"http:\/\/desarrollo.grupomedios.com\/futbol\/futbol-mexicano\/tigres-donara-dinero-taquilla-a-victimas-sismo\/2017\/09","title":{"rendered":"Tigres donar\u00e1 dinero de taquilla a v\u00edctimas de sismo"},"content":{"rendered":"<p>El equipo de <strong>Tigres<\/strong> donar\u00e1 el dinero que logre recaudar en sus taquilla como local durante el encuentro de <strong>Copa MX<\/strong> ante <strong>Zacatepec<\/strong> a las v\u00edctimas del sismo.<\/p>\n<p>A trav\u00e9s de Twiter, el conjunto felino indic\u00f3 que los boletos estar\u00e1n disponibles en <strong>150 pesos<\/strong> y se donar\u00e1n a las personas afectadas por el sismo del pasado <strong>7 de septiembre.<\/strong><\/p>\n<p style=\"text-align: center;\"><span style=\"color: #333399;\"><a style=\"color: #333399;\" href=\"https:\/\/www.futboltotal.com.mx\/2017\/09\/duelo-atlas-tigres-se-jugara-conoce-la-fecha\/\" target=\"_blank\" rel=\"noopener noreferrer\">VER M\u00c1S: El duelo entre Atlas y Tigres ya tiene fecha<\/a><\/span><\/p>\n<p>El terremoto de 8.2 grados ha dejado un saldo de<strong> 58 personas<\/strong> fallecidas en los estados de <strong>Chiapas, Oaxaca y Tabasco<\/strong>.<\/p>\n<blockquote class=\"twitter-tweet\" data-lang=\"es\">\n<p dir=\"ltr\" lang=\"es\">A partir de este s\u00e1bado, toda la taquilla para el <a href=\"https:\/\/twitter.com\/TigresOficial\">@TigresOficial<\/a> vs. <a href=\"https:\/\/twitter.com\/CA_Zacatepec\">@CA_Zacatepec<\/a> se donar\u00e1 a v\u00edctimas del sismo. <a href=\"https:\/\/twitter.com\/hashtag\/FuerzaM%C3%A9xico?src=hash\">#FuerzaM\u00e9xico<\/a> <a href=\"https:\/\/t.co\/9MsrOXxSPZ\">pic.twitter.com\/9MsrOXxSPZ<\/a><\/p>\n<p>\u2014 CLUB TIGRES OFICIAL (@TigresOficial) <a href=\"https:\/\/twitter.com\/TigresOficial\/status\/906355193259982849\">9 de septiembre de 2017<\/a><\/p><\/blockquote>\n<p><script async src=\"\/\/platform.twitter.com\/widgets.js\" charset=\"utf-8\"><\/script><\/p>\n<p style=\"text-align: center;\"><span style=\"color: #333399;\"><a style=\"color: #333399;\" href=\"https:\/\/www.futboltotal.com.mx\/2017\/09\/atlas-los-memes-tras-la-burla-la-suspension-partido\/\" target=\"_blank\" rel=\"noopener noreferrer\">VER M\u00c1S: Atlas se convierte en la burla con memes por suspensi\u00f3n de encuentro<\/a><\/span><\/p>\n","protected":false},"excerpt":{"rendered":"<p>El conjunto felino jugar\u00e1 ante Zacatepec en la Copa MX<\/p>\n","protected":false},"author":20,"featured_media":489590,"comment_status":"closed","ping_status":"closed","sticky":false,"template":"","format":"standard","meta":[],"categories":[2198,3845],"tags":[285,758,5973,1588],"_links":{"self":[{"href":"http:\/\/desarrollo.grupomedios.com\/futbol\/wp-json\/wp\/v2\/posts\/499009"}],"collection":[{"href":"http:\/\/desarrollo.grupomedios.com\/futbol\/wp-json\/wp\/v2\/posts"}],"about":[{"href":"http:\/\/desarrollo.grupomedios.com\/futbol\/wp-json\/wp\/v2\/types\/post"}],"author":[{"embeddable":true,"href":"http:\/\/desarrollo.grupomedios.com\/futbol\/wp-json\/wp\/v2\/users\/20"}],"replies":[{"embeddable":true,"href":"http:\/\/desarrollo.grupomedios.com\/futbol\/wp-json\/wp\/v2\/comments?post=499009"}],"version-history":[{"count":1,"href":"http:\/\/desarrollo.grupomedios.com\/futbol\/wp-json\/wp\/v2\/posts\/499009\/revisions"}],"predecessor-version":[{"id":499010,"href":"http:\/\/desarrollo.grupomedios.com\/futbol\/wp-json\/wp\/v2\/posts\/499009\/revisions\/499010"}],"wp:featuredmedia":[{"embeddable":true,"href":"http:\/\/desarrollo.grupomedios.com\/futbol\/wp-json\/wp\/v2\/media\/489590"}],"wp:attachment":[{"href":"http:\/\/desarrollo.grupomedios.com\/futbol\/wp-json\/wp\/v2\/media?parent=499009"}],"wp:term":[{"taxonomy":"category","embeddable":true,"href":"http:\/\/desarrollo.grupomedios.com\/futbol\/wp-json\/wp\/v2\/categories?post=499009"},{"taxonomy":"post_tag","embeddable":true,"href":"http:\/\/desarrollo.grupomedios.com\/futbol\/wp-json\/wp\/v2\/tags?post=499009"}],"curies":[{"name":"wp","href":"https:\/\/api.w.org\/{rel}","templated":true}]}}