{"id":499020,"date":"2017-09-09T10:32:28","date_gmt":"2017-09-09T15:32:28","guid":{"rendered":"https:\/\/www.futboltotal.com.mx\/?p=499020"},"modified":"2017-09-09T10:32:28","modified_gmt":"2017-09-09T15:32:28","slug":"brutal-entrada-contra-portero-del-manchester-city","status":"publish","type":"post","link":"http:\/\/desarrollo.grupomedios.com\/futbol\/futbol-internacional\/brutal-entrada-contra-portero-del-manchester-city\/2017\/09","title":{"rendered":"Brutal entrada contra portero del Manchester City"},"content":{"rendered":"<p>Durante el encuentro entre el<strong> Liverpool<\/strong> y <strong>Manchester City<\/strong> se present\u00f3 una jugada de alto riesgo.<\/p>\n<p>El senegal\u00e9s, <strong>Man\u00e9<\/strong>, dio tremenda patada al portero de los Citizens,\u00a0<strong>Ederson<\/strong>, quien sal\u00eda a cortar un bal\u00f3n con la cabeza.<\/p>\n<p style=\"text-align: center;\"><span style=\"color: #333399;\"><a style=\"color: #333399;\" href=\"https:\/\/www.futboltotal.com.mx\/2017\/09\/quieren-goles-vean-al-real-madrid-barcelona-paco-jemez\/\" target=\"_blank\" rel=\"noopener noreferrer\">VER M\u00c1S: Si quieren goles vean al Real Madrid o Barcelona: Paco J\u00e9mez<\/a><\/span><\/p>\n<p>La imagen resulta muy fuerte y es que el golpe dej\u00f3 tirado por cerca de 10\u00a0minutos al arquero. <strong>Tuvo que ser inmovilizado<\/strong>.<\/p>\n<p>Sin embargo, pudo ver el final del encuentro en el banquillo, con una venda ya que no present\u00f3 conmoci\u00f3n cerebral<\/p>\n<p><iframe loading=\"lazy\" src=\"https:\/\/www.youtube.com\/embed\/pE0LdadfPJU?feature=oembed\" frameborder=\"0\" allowfullscreen><\/iframe><\/p>\n<p style=\"text-align: center;\"><span style=\"color: #333399;\"><a style=\"color: #333399;\" href=\"https:\/\/www.futboltotal.com.mx\/2017\/09\/garcia-torano-carlos-gabriel-llegan-a-los-golpes-en-pleno-programa\/\" target=\"_blank\" rel=\"noopener noreferrer\">VER M\u00c1S: Garc\u00eda Tora\u00f1o y Carlos Gabriel llegan a los golpes en pleno programa<\/a><\/span><\/p>\n","protected":false},"excerpt":{"rendered":"<p>El arquero se qued\u00f3 tendido por 10 minutos y fue inmovilizado<\/p>\n","protected":false},"author":20,"featured_media":499021,"comment_status":"closed","ping_status":"closed","sticky":false,"template":"","format":"standard","meta":[],"categories":[3839],"tags":[8857,5989,3794,10141],"_links":{"self":[{"href":"http:\/\/desarrollo.grupomedios.com\/futbol\/wp-json\/wp\/v2\/posts\/499020"}],"collection":[{"href":"http:\/\/desarrollo.grupomedios.com\/futbol\/wp-json\/wp\/v2\/posts"}],"about":[{"href":"http:\/\/desarrollo.grupomedios.com\/futbol\/wp-json\/wp\/v2\/types\/post"}],"author":[{"embeddable":true,"href":"http:\/\/desarrollo.grupomedios.com\/futbol\/wp-json\/wp\/v2\/users\/20"}],"replies":[{"embeddable":true,"href":"http:\/\/desarrollo.grupomedios.com\/futbol\/wp-json\/wp\/v2\/comments?post=499020"}],"version-history":[{"count":1,"href":"http:\/\/desarrollo.grupomedios.com\/futbol\/wp-json\/wp\/v2\/posts\/499020\/revisions"}],"predecessor-version":[{"id":499022,"href":"http:\/\/desarrollo.grupomedios.com\/futbol\/wp-json\/wp\/v2\/posts\/499020\/revisions\/499022"}],"wp:featuredmedia":[{"embeddable":true,"href":"http:\/\/desarrollo.grupomedios.com\/futbol\/wp-json\/wp\/v2\/media\/499021"}],"wp:attachment":[{"href":"http:\/\/desarrollo.grupomedios.com\/futbol\/wp-json\/wp\/v2\/media?parent=499020"}],"wp:term":[{"taxonomy":"category","embeddable":true,"href":"http:\/\/desarrollo.grupomedios.com\/futbol\/wp-json\/wp\/v2\/categories?post=499020"},{"taxonomy":"post_tag","embeddable":true,"href":"http:\/\/desarrollo.grupomedios.com\/futbol\/wp-json\/wp\/v2\/tags?post=499020"}],"curies":[{"name":"wp","href":"https:\/\/api.w.org\/{rel}","templated":true}]}}