{"id":499023,"date":"2017-09-09T11:06:29","date_gmt":"2017-09-09T16:06:29","guid":{"rendered":"https:\/\/www.futboltotal.com.mx\/?p=499023"},"modified":"2017-09-09T11:06:29","modified_gmt":"2017-09-09T16:06:29","slug":"ligue-1-recuerda-partidazo-guillermo-ochoa","status":"publish","type":"post","link":"http:\/\/desarrollo.grupomedios.com\/futbol\/futbol-internacional\/ligue-1-recuerda-partidazo-guillermo-ochoa\/2017\/09","title":{"rendered":"Ligue 1 recuerda partidazo de Guillermo Ochoa"},"content":{"rendered":"<p>En Francia no olvida a <strong>Guillermo Ochoa<\/strong>, pues la cuenta oficial de la <strong>Ligue 1<\/strong> record\u00f3 un video en donde el mexicano tuvo un partido de ensue\u00f1o.<\/p>\n<p>Cuando el portero azteca jugaba en el <strong>Ajaccio<\/strong>, durante la temporada<strong> 2013-2014<\/strong>, se mand\u00f3 una gran actuaci\u00f3n.<\/p>\n<blockquote class=\"twitter-tweet\" data-lang=\"es\">\n<p dir=\"ltr\" lang=\"es\"><a href=\"https:\/\/twitter.com\/hashtag\/TBT?src=hash\">#TBT<\/a> \u00a1Recordamos este PARTIDAZO de <a href=\"https:\/\/twitter.com\/yosoy8a\">@yosoy8a<\/a> con <a href=\"https:\/\/twitter.com\/ACAjaccio\">@ACAjaccio<\/a> en la J31 de la 2013-14! <a href=\"https:\/\/twitter.com\/hashtag\/Ligue1enM%C3%A9xico?src=hash\">#Ligue1enM\u00e9xico<\/a> &#x1f1f2;&#x1f1fd;<\/p>\n<p>&#x1f4f9;&#x1f4f9;&#x1f4f9; <a href=\"https:\/\/t.co\/67N2l0pjdc\">https:\/\/t.co\/67N2l0pjdc<\/a> <a href=\"https:\/\/t.co\/DoUveWzB7G\">pic.twitter.com\/DoUveWzB7G<\/a><\/p>\n<p>\u2014 Ligue 1 Espa\u00f1ol (@Ligue1_ESP) <a href=\"https:\/\/twitter.com\/Ligue1_ESP\/status\/905890924991012864\">7 de septiembre de 2017<\/a><\/p><\/blockquote>\n<p><script async src=\"\/\/platform.twitter.com\/widgets.js\" charset=\"utf-8\"><\/script><\/p>\n<p style=\"text-align: center;\"><span style=\"color: #333399;\"><a style=\"color: #333399;\" href=\"https:\/\/www.futboltotal.com.mx\/2017\/09\/garcia-torano-carlos-gabriel-llegan-a-los-golpes-en-pleno-programa\/\" target=\"_blank\" rel=\"noopener noreferrer\">VER M\u00c1S: Garc\u00eda Tora\u00f1o y Carlos Gabriel llegan a los golpes en pleno programa<\/a><\/span><\/p>\n<p>Fue ante el<strong> Toulouse<\/strong>, que Ochoa dio un recital de atajadas e incluso detuvo un penal.<\/p>\n<p><iframe loading=\"lazy\" src=\"https:\/\/www.youtube.com\/embed\/Ma55R94yjAg?feature=oembed\" frameborder=\"0\" allowfullscreen><\/iframe><\/p>\n<p style=\"text-align: center;\"><span style=\"color: #333399;\"><a style=\"color: #333399;\" href=\"https:\/\/www.futboltotal.com.mx\/2017\/09\/cara-a-cara-borgetti-vs-cardozo-eternos-emblemas-santos-toluca\/\" target=\"_blank\" rel=\"noopener noreferrer\">VER M\u00c1S: Cara a cara: Cardozo vs Borgetti<\/a><\/span><\/p>\n<p>&nbsp;<\/p>\n","protected":false},"excerpt":{"rendered":"<p>El guardameta es recordado en Francia<\/p>\n","protected":false},"author":20,"featured_media":487470,"comment_status":"closed","ping_status":"closed","sticky":false,"template":"","format":"standard","meta":[],"categories":[3839],"tags":[6050,413,5991,408],"_links":{"self":[{"href":"http:\/\/desarrollo.grupomedios.com\/futbol\/wp-json\/wp\/v2\/posts\/499023"}],"collection":[{"href":"http:\/\/desarrollo.grupomedios.com\/futbol\/wp-json\/wp\/v2\/posts"}],"about":[{"href":"http:\/\/desarrollo.grupomedios.com\/futbol\/wp-json\/wp\/v2\/types\/post"}],"author":[{"embeddable":true,"href":"http:\/\/desarrollo.grupomedios.com\/futbol\/wp-json\/wp\/v2\/users\/20"}],"replies":[{"embeddable":true,"href":"http:\/\/desarrollo.grupomedios.com\/futbol\/wp-json\/wp\/v2\/comments?post=499023"}],"version-history":[{"count":2,"href":"http:\/\/desarrollo.grupomedios.com\/futbol\/wp-json\/wp\/v2\/posts\/499023\/revisions"}],"predecessor-version":[{"id":499025,"href":"http:\/\/desarrollo.grupomedios.com\/futbol\/wp-json\/wp\/v2\/posts\/499023\/revisions\/499025"}],"wp:featuredmedia":[{"embeddable":true,"href":"http:\/\/desarrollo.grupomedios.com\/futbol\/wp-json\/wp\/v2\/media\/487470"}],"wp:attachment":[{"href":"http:\/\/desarrollo.grupomedios.com\/futbol\/wp-json\/wp\/v2\/media?parent=499023"}],"wp:term":[{"taxonomy":"category","embeddable":true,"href":"http:\/\/desarrollo.grupomedios.com\/futbol\/wp-json\/wp\/v2\/categories?post=499023"},{"taxonomy":"post_tag","embeddable":true,"href":"http:\/\/desarrollo.grupomedios.com\/futbol\/wp-json\/wp\/v2\/tags?post=499023"}],"curies":[{"name":"wp","href":"https:\/\/api.w.org\/{rel}","templated":true}]}}