{"id":499026,"date":"2017-09-09T11:19:44","date_gmt":"2017-09-09T16:19:44","guid":{"rendered":"https:\/\/www.futboltotal.com.mx\/?p=499026"},"modified":"2017-09-09T11:20:09","modified_gmt":"2017-09-09T16:20:09","slug":"gullit-pena-consigue-primer-gol-rangers-en-escocia","status":"publish","type":"post","link":"http:\/\/desarrollo.grupomedios.com\/futbol\/destacado-home\/gullit-pena-consigue-primer-gol-rangers-en-escocia\/2017\/09","title":{"rendered":"Gullit Pe\u00f1a consigue su primer gol con el Rangers en Escocia"},"content":{"rendered":"<p>El mediocampista mexicano, <strong>Carlos &#8216;Gullit&#8217; Pe\u00f1a<\/strong> consigui\u00f3 su primer gol con el<strong> Rangers<\/strong> en Escocia.<\/p>\n<p>El Rangers venci\u00f3 al <strong>Dundee<\/strong> por marcador de 4-1 y el mexicano aport\u00f3 un gol en el tanteador.<\/p>\n<p style=\"text-align: center;\"><span style=\"color: #333399;\"><a style=\"color: #333399;\" href=\"https:\/\/www.futboltotal.com.mx\/2017\/09\/garcia-torano-carlos-gabriel-llegan-a-los-golpes-en-pleno-programa\/\" target=\"_blank\" rel=\"noopener noreferrer\">VER M\u00c1S: Garc\u00eda Tora\u00f1o y Carlos Gabriel llegan a los golpes en pleno programa<\/a><\/span><\/p>\n<p>Pe\u00f1a ingres\u00f3 al minuto 63 y veinte minutos despu\u00e9s se hizo en el marcador, luego de un desborde por la izquierda, la diagonal retrasada le lleg\u00f3 y<strong> &#8216;Gullit&#8217;<\/strong> firm\u00f3 la goleada de su equipo.<\/p>\n<blockquote class=\"twitter-video\" data-lang=\"es\">\n<p dir=\"ltr\" lang=\"es\">&#x1f535; &#x1f1f2;&#x1f1fd; Carlos &#8216;Gullit&#8217; Pe\u00f1a se estrena con el Rangers, meti\u00f3 el 3er GOL del club escoc\u00e9s. <a href=\"https:\/\/t.co\/mct3NOm4wD\">pic.twitter.com\/mct3NOm4wD<\/a><\/p>\n<p>\u2014 Futbol al Momento (@Fut_momento) <a href=\"https:\/\/twitter.com\/Fut_momento\/status\/906549146118537217\">9 de septiembre de 2017<\/a><\/p><\/blockquote>\n<p><script async src=\"\/\/platform.twitter.com\/widgets.js\" charset=\"utf-8\"><\/script><\/p>\n<p>Por su parte, el atacante mexicano, <strong>Eduardo Herrera<\/strong>, se qued\u00f3 en la banca y no tuvo minutos para mostrarse.<\/p>\n<p style=\"text-align: center;\"><span style=\"color: #333399;\"><a style=\"color: #333399;\" href=\"https:\/\/www.futboltotal.com.mx\/2017\/09\/cara-a-cara-borgetti-vs-cardozo-eternos-emblemas-santos-toluca\/\" target=\"_blank\" rel=\"noopener noreferrer\">VER M\u00c1S: Cara a cara: Cardozo vs Borgetti<\/a><\/span><\/p>\n","protected":false},"excerpt":{"rendered":"<p>El mexicano colabor\u00f3 en la goleada de su equipo<\/p>\n","protected":false},"author":20,"featured_media":487707,"comment_status":"closed","ping_status":"closed","sticky":false,"template":"","format":"standard","meta":[],"categories":[5,3839],"tags":[6561,1140,179,8893],"_links":{"self":[{"href":"http:\/\/desarrollo.grupomedios.com\/futbol\/wp-json\/wp\/v2\/posts\/499026"}],"collection":[{"href":"http:\/\/desarrollo.grupomedios.com\/futbol\/wp-json\/wp\/v2\/posts"}],"about":[{"href":"http:\/\/desarrollo.grupomedios.com\/futbol\/wp-json\/wp\/v2\/types\/post"}],"author":[{"embeddable":true,"href":"http:\/\/desarrollo.grupomedios.com\/futbol\/wp-json\/wp\/v2\/users\/20"}],"replies":[{"embeddable":true,"href":"http:\/\/desarrollo.grupomedios.com\/futbol\/wp-json\/wp\/v2\/comments?post=499026"}],"version-history":[{"count":1,"href":"http:\/\/desarrollo.grupomedios.com\/futbol\/wp-json\/wp\/v2\/posts\/499026\/revisions"}],"predecessor-version":[{"id":499027,"href":"http:\/\/desarrollo.grupomedios.com\/futbol\/wp-json\/wp\/v2\/posts\/499026\/revisions\/499027"}],"wp:featuredmedia":[{"embeddable":true,"href":"http:\/\/desarrollo.grupomedios.com\/futbol\/wp-json\/wp\/v2\/media\/487707"}],"wp:attachment":[{"href":"http:\/\/desarrollo.grupomedios.com\/futbol\/wp-json\/wp\/v2\/media?parent=499026"}],"wp:term":[{"taxonomy":"category","embeddable":true,"href":"http:\/\/desarrollo.grupomedios.com\/futbol\/wp-json\/wp\/v2\/categories?post=499026"},{"taxonomy":"post_tag","embeddable":true,"href":"http:\/\/desarrollo.grupomedios.com\/futbol\/wp-json\/wp\/v2\/tags?post=499026"}],"curies":[{"name":"wp","href":"https:\/\/api.w.org\/{rel}","templated":true}]}}