{"id":499028,"date":"2017-09-09T11:45:52","date_gmt":"2017-09-09T16:45:52","guid":{"rendered":"https:\/\/www.futboltotal.com.mx\/?p=499028"},"modified":"2017-09-09T11:45:52","modified_gmt":"2017-09-09T16:45:52","slug":"carlos-salcedo-debuta-en-eintracht-triunfo-en-bundesliga","status":"publish","type":"post","link":"http:\/\/desarrollo.grupomedios.com\/futbol\/futbol-internacional\/carlos-salcedo-debuta-en-eintracht-triunfo-en-bundesliga\/2017\/09","title":{"rendered":"Carlos Salcedo debuta en el Eintracht con triunfo en Bundesliga"},"content":{"rendered":"<p>Carlos Salcedo, defensa mexicano, tuvo un debut triunfador en la Bundesliga, pues su conjunto, el\u00a0<strong>Eintracht Frankfurt<\/strong>\u00a0derrot\u00f3 al\u00a0<strong>\u00a0Borussia M\u00f6nchengladbach por 0-1<\/strong>\u00a0en la fecha tres .<\/p>\n<p>El mexicano tuvo participaci\u00f3n como marcador por derecha, jugando con l\u00ednea de cinco. El h\u00e9roe del encuentro fue\u00a0<strong>Kevin-Prince Boateng,\u00a0<\/strong>quien anot\u00f3 el gol del triunfo a los trece minutos del encuentro.<\/p>\n<blockquote class=\"twitter-video\" data-lang=\"es\">\n<p dir=\"ltr\" lang=\"en\">Willems \u27a1\ufe0f Haller \u27a1\ufe0f Kevin-Prince Boateng \u27a1\ufe0f Goal \u26bd\ufe0f \u27a1\ufe0f Nouri \u2764\ufe0f<a href=\"https:\/\/twitter.com\/hashtag\/willems?src=hash\">#willems<\/a> <a href=\"https:\/\/twitter.com\/hashtag\/haller?src=hash\">#haller<\/a><a href=\"https:\/\/twitter.com\/hashtag\/boateng?src=hash\">#boateng<\/a> <a href=\"https:\/\/twitter.com\/hashtag\/nouri?src=hash\">#nouri<\/a> <a href=\"https:\/\/t.co\/CNQBAv9aGp\">pic.twitter.com\/CNQBAv9aGp<\/a><\/p>\n<p>\u2014 Dutch Goals And More (@DutchGoalsAMore) <a href=\"https:\/\/twitter.com\/DutchGoalsAMore\/status\/906543220745744389\">9 de septiembre de 2017<\/a><\/p><\/blockquote>\n<p><script async src=\"\/\/platform.twitter.com\/widgets.js\" charset=\"utf-8\"><\/script><\/p>\n<p style=\"text-align: center;\"><span style=\"color: #333399;\"><a style=\"color: #333399;\" href=\"https:\/\/www.futboltotal.com.mx\/2017\/09\/garcia-torano-carlos-gabriel-llegan-a-los-golpes-en-pleno-programa\/\" target=\"_blank\" rel=\"noopener noreferrer\">VER M\u00c1S: Garc\u00eda Tora\u00f1o y Carlos Gabriel llegan a los golpes en pleno programa<\/a><\/span><\/p>\n<p>El ex de Chivas tambi\u00e9n particip\u00f3 con un remate a gol, sin embargo fue detenido por el arquero Sommer.<\/p>\n<p>Las \u00c1guilas lograron su primer triunfo de la temporada y llegaron a cuatro unidades.<\/p>\n<blockquote class=\"twitter-tweet\" data-lang=\"es\">\n<p dir=\"ltr\" lang=\"es\">\u00a1Desde M\u00e9xico hasta Alemania! &#x1f603;<\/p>\n<p>&#x1f1f2;&#x1f1fd; \u00a1Grande, <a href=\"https:\/\/twitter.com\/Csalcedojr\">@Csalcedojr<\/a>! &#x1f1f2;&#x1f1fd;<a href=\"https:\/\/twitter.com\/hashtag\/SGE?src=hash\">#SGE<\/a> <a href=\"https:\/\/t.co\/c6GgBy1gQi\">pic.twitter.com\/c6GgBy1gQi<\/a><\/p>\n<p>\u2014 eintracht_esp (@eintracht_esp) <a href=\"https:\/\/twitter.com\/eintracht_esp\/status\/906548828748337152\">9 de septiembre de 2017<\/a><\/p><\/blockquote>\n<p><script async src=\"\/\/platform.twitter.com\/widgets.js\" charset=\"utf-8\"><\/script><\/p>\n<p style=\"text-align: center;\"><span style=\"color: #333399;\"><a style=\"color: #333399;\" href=\"https:\/\/www.futboltotal.com.mx\/2017\/09\/brutal-entrada-contra-portero-del-manchester-city\/\" target=\"_blank\" rel=\"noopener noreferrer\">VER M\u00c1S: Brutal entrada contra portero del Manchester City<\/a><\/span>\n<\/p>\n<p>&nbsp;<\/p>\n","protected":false},"excerpt":{"rendered":"<p>El mexicano jug\u00f3 como marcador por derecha<\/p>\n","protected":false},"author":20,"featured_media":491339,"comment_status":"closed","ping_status":"closed","sticky":false,"template":"","format":"standard","meta":[],"categories":[3839],"tags":[119,5531,8482],"_links":{"self":[{"href":"http:\/\/desarrollo.grupomedios.com\/futbol\/wp-json\/wp\/v2\/posts\/499028"}],"collection":[{"href":"http:\/\/desarrollo.grupomedios.com\/futbol\/wp-json\/wp\/v2\/posts"}],"about":[{"href":"http:\/\/desarrollo.grupomedios.com\/futbol\/wp-json\/wp\/v2\/types\/post"}],"author":[{"embeddable":true,"href":"http:\/\/desarrollo.grupomedios.com\/futbol\/wp-json\/wp\/v2\/users\/20"}],"replies":[{"embeddable":true,"href":"http:\/\/desarrollo.grupomedios.com\/futbol\/wp-json\/wp\/v2\/comments?post=499028"}],"version-history":[{"count":1,"href":"http:\/\/desarrollo.grupomedios.com\/futbol\/wp-json\/wp\/v2\/posts\/499028\/revisions"}],"predecessor-version":[{"id":499029,"href":"http:\/\/desarrollo.grupomedios.com\/futbol\/wp-json\/wp\/v2\/posts\/499028\/revisions\/499029"}],"wp:featuredmedia":[{"embeddable":true,"href":"http:\/\/desarrollo.grupomedios.com\/futbol\/wp-json\/wp\/v2\/media\/491339"}],"wp:attachment":[{"href":"http:\/\/desarrollo.grupomedios.com\/futbol\/wp-json\/wp\/v2\/media?parent=499028"}],"wp:term":[{"taxonomy":"category","embeddable":true,"href":"http:\/\/desarrollo.grupomedios.com\/futbol\/wp-json\/wp\/v2\/categories?post=499028"},{"taxonomy":"post_tag","embeddable":true,"href":"http:\/\/desarrollo.grupomedios.com\/futbol\/wp-json\/wp\/v2\/tags?post=499028"}],"curies":[{"name":"wp","href":"https:\/\/api.w.org\/{rel}","templated":true}]}}