{"id":499036,"date":"2017-09-09T13:35:34","date_gmt":"2017-09-09T18:35:34","guid":{"rendered":"https:\/\/www.futboltotal.com.mx\/?p=499036"},"modified":"2017-09-09T13:35:35","modified_gmt":"2017-09-09T18:35:35","slug":"13-futbolistas-lucen-irreconocibles-cabello","status":"publish","type":"post","link":"http:\/\/desarrollo.grupomedios.com\/futbol\/galerias\/13-futbolistas-lucen-irreconocibles-cabello\/2017\/09","title":{"rendered":"13 futbolistas que lucen irreconocibles con cabello"},"content":{"rendered":"<p>Hay estrellas del futbol que ostentaban una larga melena o al menos algo de cabello, sin embargo, con el paso del tiempo fueron quedando calvos y as\u00ed se hicieron famosos. Algunos otros decidieron raparse antes que verse con algunos &#8220;huecos en el estadio&#8221;.<\/p>\n<p>&nbsp;<\/p>\n<p><a href=\"https:\/\/www.futboltotal.com.mx\/wp-content\/uploads\/2017\/09\/pelo-barthez.jpg\"><img decoding=\"async\" loading=\"lazy\" class=\"alignnone size-full wp-image-499037\" src=\"https:\/\/www.futboltotal.com.mx\/wp-content\/uploads\/2017\/09\/pelo-barthez.jpg\" alt=\"13 futbolistas que lucen irreconocibles con cabello 0\" srcset=\"http:\/\/desarrollo.grupomedios.com\/futbol\/wp-content\/uploads\/2017\/09\/pelo-barthez.jpg 1600w, http:\/\/desarrollo.grupomedios.com\/futbol\/wp-content\/uploads\/2017\/09\/pelo-barthez-300x169.jpg 300w, http:\/\/desarrollo.grupomedios.com\/futbol\/wp-content\/uploads\/2017\/09\/pelo-barthez-768x432.jpg 768w, http:\/\/desarrollo.grupomedios.com\/futbol\/wp-content\/uploads\/2017\/09\/pelo-barthez-1024x576.jpg 1024w, http:\/\/desarrollo.grupomedios.com\/futbol\/wp-content\/uploads\/2017\/09\/pelo-barthez-393x221.jpg 393w\" sizes=\"(max-width: 1600px) 100vw, 1600px\" \/><\/a><\/p>\n<ol>\n<li>Fabien Barthez, el famoso portero franc\u00e9s que se qued\u00f3 sin cabello y as\u00ed se hizo famoso<\/li>\n<\/ol>\n<p><a href=\"https:\/\/www.futboltotal.com.mx\/wp-content\/uploads\/2017\/09\/pelo-dani-alves.jpg\"><img decoding=\"async\" loading=\"lazy\" class=\"alignnone size-full wp-image-499038\" src=\"https:\/\/www.futboltotal.com.mx\/wp-content\/uploads\/2017\/09\/pelo-dani-alves.jpg\" alt=\"13 futbolistas que lucen irreconocibles con cabello 1\" srcset=\"http:\/\/desarrollo.grupomedios.com\/futbol\/wp-content\/uploads\/2017\/09\/pelo-dani-alves.jpg 1014w, http:\/\/desarrollo.grupomedios.com\/futbol\/wp-content\/uploads\/2017\/09\/pelo-dani-alves-300x227.jpg 300w, http:\/\/desarrollo.grupomedios.com\/futbol\/wp-content\/uploads\/2017\/09\/pelo-dani-alves-768x582.jpg 768w\" sizes=\"(max-width: 1014px) 100vw, 1014px\" \/><\/a><\/p>\n<p>2. Dani Alves que desde Barcelona se le vio con poco cabello ten\u00eda sus rizos.<\/p>\n<p><a href=\"https:\/\/www.futboltotal.com.mx\/wp-content\/uploads\/2017\/09\/pelo-esteban-cambiasso.jpg\"><img decoding=\"async\" loading=\"lazy\" class=\"alignnone size-full wp-image-499039\" src=\"https:\/\/www.futboltotal.com.mx\/wp-content\/uploads\/2017\/09\/pelo-esteban-cambiasso.jpg\" alt=\"13 futbolistas que lucen irreconocibles con cabello 2\" srcset=\"http:\/\/desarrollo.grupomedios.com\/futbol\/wp-content\/uploads\/2017\/09\/pelo-esteban-cambiasso.jpg 600w, http:\/\/desarrollo.grupomedios.com\/futbol\/wp-content\/uploads\/2017\/09\/pelo-esteban-cambiasso-300x250.jpg 300w\" sizes=\"(max-width: 600px) 100vw, 600px\" \/><\/a><\/p>\n<p>3. El reci\u00e9n retirado, Esteban Cambiasso en su juventud ten\u00eda una gran melena.<\/p>\n<p><a href=\"https:\/\/www.futboltotal.com.mx\/wp-content\/uploads\/2017\/09\/pelo-henry.jpg\"><img decoding=\"async\" loading=\"lazy\" class=\"alignnone size-full wp-image-499041\" src=\"https:\/\/www.futboltotal.com.mx\/wp-content\/uploads\/2017\/09\/pelo-henry.jpg\" alt=\"13 futbolistas que lucen irreconocibles con cabello 3\" srcset=\"http:\/\/desarrollo.grupomedios.com\/futbol\/wp-content\/uploads\/2017\/09\/pelo-henry.jpg 1024w, http:\/\/desarrollo.grupomedios.com\/futbol\/wp-content\/uploads\/2017\/09\/pelo-henry-300x169.jpg 300w, http:\/\/desarrollo.grupomedios.com\/futbol\/wp-content\/uploads\/2017\/09\/pelo-henry-768x432.jpg 768w, http:\/\/desarrollo.grupomedios.com\/futbol\/wp-content\/uploads\/2017\/09\/pelo-henry-393x221.jpg 393w\" sizes=\"(max-width: 1024px) 100vw, 1024px\" \/><\/a><\/p>\n<p>4. Henry ten\u00eda su cabello antes de\u00a0verlo en Arsenal y Barcelona calvo.<\/p>\n<p><a href=\"https:\/\/www.futboltotal.com.mx\/wp-content\/uploads\/2017\/09\/pelo-iniesta.jpg\"><img decoding=\"async\" loading=\"lazy\" class=\"alignnone size-full wp-image-499042\" src=\"https:\/\/www.futboltotal.com.mx\/wp-content\/uploads\/2017\/09\/pelo-iniesta.jpg\" alt=\"13 futbolistas que lucen irreconocibles con cabello 4\" srcset=\"http:\/\/desarrollo.grupomedios.com\/futbol\/wp-content\/uploads\/2017\/09\/pelo-iniesta.jpg 393w, http:\/\/desarrollo.grupomedios.com\/futbol\/wp-content\/uploads\/2017\/09\/pelo-iniesta-300x186.jpg 300w\" sizes=\"(max-width: 393px) 100vw, 393px\" \/><\/a><\/p>\n<p>5. El fantasma ten\u00eda cabello en sus inicios con los blaugranas.<\/p>\n<p><a href=\"https:\/\/www.futboltotal.com.mx\/wp-content\/uploads\/2017\/09\/pelo-larsson.jpg\"><img decoding=\"async\" loading=\"lazy\" class=\"alignnone size-full wp-image-499043\" src=\"https:\/\/www.futboltotal.com.mx\/wp-content\/uploads\/2017\/09\/pelo-larsson.jpg\" alt=\"13 futbolistas que lucen irreconocibles con cabello 5\" srcset=\"http:\/\/desarrollo.grupomedios.com\/futbol\/wp-content\/uploads\/2017\/09\/pelo-larsson.jpg 898w, http:\/\/desarrollo.grupomedios.com\/futbol\/wp-content\/uploads\/2017\/09\/pelo-larsson-300x234.jpg 300w, http:\/\/desarrollo.grupomedios.com\/futbol\/wp-content\/uploads\/2017\/09\/pelo-larsson-768x600.jpg 768w\" sizes=\"(max-width: 898px) 100vw, 898px\" \/><\/a><\/p>\n<p>6. Qu\u00e9 tal las rastas que manejaba Larsson en su \u00e9poca juvenil.<\/p>\n<p><a href=\"https:\/\/www.futboltotal.com.mx\/wp-content\/uploads\/2017\/09\/pelo-pepe.jpg\"><img decoding=\"async\" loading=\"lazy\" class=\"alignnone size-full wp-image-499044\" src=\"https:\/\/www.futboltotal.com.mx\/wp-content\/uploads\/2017\/09\/pelo-pepe.jpg\" alt=\"13 futbolistas que lucen irreconocibles con cabello 6\" srcset=\"http:\/\/desarrollo.grupomedios.com\/futbol\/wp-content\/uploads\/2017\/09\/pelo-pepe.jpg 1024w, http:\/\/desarrollo.grupomedios.com\/futbol\/wp-content\/uploads\/2017\/09\/pelo-pepe-300x200.jpg 300w, http:\/\/desarrollo.grupomedios.com\/futbol\/wp-content\/uploads\/2017\/09\/pelo-pepe-768x512.jpg 768w\" sizes=\"(max-width: 1024px) 100vw, 1024px\" \/><\/a><\/p>\n<p>7. Pepe tuvo sus momentos en que se dej\u00f3 el cabello largo<\/p>\n<p><a href=\"https:\/\/www.futboltotal.com.mx\/wp-content\/uploads\/2017\/09\/pelo-robben.jpg\"><img decoding=\"async\" loading=\"lazy\" class=\"alignnone size-full wp-image-499045\" src=\"https:\/\/www.futboltotal.com.mx\/wp-content\/uploads\/2017\/09\/pelo-robben.jpg\" alt=\"13 futbolistas que lucen irreconocibles con cabello 7\" srcset=\"http:\/\/desarrollo.grupomedios.com\/futbol\/wp-content\/uploads\/2017\/09\/pelo-robben.jpg 1024w, http:\/\/desarrollo.grupomedios.com\/futbol\/wp-content\/uploads\/2017\/09\/pelo-robben-300x169.jpg 300w, http:\/\/desarrollo.grupomedios.com\/futbol\/wp-content\/uploads\/2017\/09\/pelo-robben-768x432.jpg 768w, http:\/\/desarrollo.grupomedios.com\/futbol\/wp-content\/uploads\/2017\/09\/pelo-robben-393x221.jpg 393w\" sizes=\"(max-width: 1024px) 100vw, 1024px\" \/><\/a><\/p>\n<p style=\"text-align: center;\"><span style=\"color: #333399;\"><a style=\"color: #333399;\" href=\"https:\/\/www.futboltotal.com.mx\/2017\/09\/garcia-torano-carlos-gabriel-llegan-a-los-golpes-en-pleno-programa\/\" target=\"_blank\" rel=\"noopener noreferrer\">VER M\u00c1S: Garc\u00eda Tora\u00f1o y Carlos Gabriel llegan a los golpes en pleno programa<\/a><\/span><\/p>\n<p>8. Robben, el verdugo del Tri, tambi\u00e9n tuvo sus momentos con cabello.<\/p>\n<p><a href=\"https:\/\/www.futboltotal.com.mx\/wp-content\/uploads\/2017\/09\/pelo-roberto-carlos.jpg\"><img decoding=\"async\" loading=\"lazy\" class=\"alignnone size-full wp-image-499046\" src=\"https:\/\/www.futboltotal.com.mx\/wp-content\/uploads\/2017\/09\/pelo-roberto-carlos.jpg\" alt=\"13 futbolistas que lucen irreconocibles con cabello 8\" srcset=\"http:\/\/desarrollo.grupomedios.com\/futbol\/wp-content\/uploads\/2017\/09\/pelo-roberto-carlos.jpg 565w, http:\/\/desarrollo.grupomedios.com\/futbol\/wp-content\/uploads\/2017\/09\/pelo-roberto-carlos-221x300.jpg 221w\" sizes=\"(max-width: 565px) 100vw, 565px\" \/><\/a><\/p>\n<p>9. Roberto Carlos en sus inicios dejaba su cabello largo, antes del Real Madrid<\/p>\n<p><a href=\"https:\/\/www.futboltotal.com.mx\/wp-content\/uploads\/2017\/09\/pelo-Ronaldo.jpg\"><img decoding=\"async\" loading=\"lazy\" class=\"alignnone size-full wp-image-499047\" src=\"https:\/\/www.futboltotal.com.mx\/wp-content\/uploads\/2017\/09\/pelo-Ronaldo.jpg\" alt=\"13 futbolistas que lucen irreconocibles con cabello 9\" srcset=\"http:\/\/desarrollo.grupomedios.com\/futbol\/wp-content\/uploads\/2017\/09\/pelo-Ronaldo.jpg 755w, http:\/\/desarrollo.grupomedios.com\/futbol\/wp-content\/uploads\/2017\/09\/pelo-Ronaldo-295x300.jpg 295w\" sizes=\"(max-width: 755px) 100vw, 755px\" \/><\/a><\/p>\n<p>10. Ronaldo tuvo momentos de muchos cambios de look, pero con cabello siempre luci\u00f3 extra\u00f1o.<\/p>\n<p><a href=\"https:\/\/www.futboltotal.com.mx\/wp-content\/uploads\/2017\/09\/pelo-sneijder.jpg\"><img decoding=\"async\" loading=\"lazy\" class=\"alignnone size-full wp-image-499048\" src=\"https:\/\/www.futboltotal.com.mx\/wp-content\/uploads\/2017\/09\/pelo-sneijder.jpg\" alt=\"13 futbolistas que lucen irreconocibles con cabello 10\" srcset=\"http:\/\/desarrollo.grupomedios.com\/futbol\/wp-content\/uploads\/2017\/09\/pelo-sneijder.jpg 1024w, http:\/\/desarrollo.grupomedios.com\/futbol\/wp-content\/uploads\/2017\/09\/pelo-sneijder-300x169.jpg 300w, http:\/\/desarrollo.grupomedios.com\/futbol\/wp-content\/uploads\/2017\/09\/pelo-sneijder-768x432.jpg 768w, http:\/\/desarrollo.grupomedios.com\/futbol\/wp-content\/uploads\/2017\/09\/pelo-sneijder-393x221.jpg 393w\" sizes=\"(max-width: 1024px) 100vw, 1024px\" \/><\/a><\/p>\n<p>11. Sneijder en sus inicios con el Ajax ten\u00eda cabello, poco pero ten\u00eda.<\/p>\n<p><a href=\"https:\/\/www.futboltotal.com.mx\/wp-content\/uploads\/2017\/09\/pelo-vald\u00e9s.jpg\"><img decoding=\"async\" loading=\"lazy\" class=\"alignnone size-full wp-image-499049\" src=\"https:\/\/www.futboltotal.com.mx\/wp-content\/uploads\/2017\/09\/pelo-vald\u00e9s.jpg\" alt=\"13 futbolistas que lucen irreconocibles con cabello 11\" srcset=\"http:\/\/desarrollo.grupomedios.com\/futbol\/wp-content\/uploads\/2017\/09\/pelo-vald\u00e9s.jpg 416w, http:\/\/desarrollo.grupomedios.com\/futbol\/wp-content\/uploads\/2017\/09\/pelo-vald\u00e9s-208x300.jpg 208w\" sizes=\"(max-width: 416px) 100vw, 416px\" \/><\/a><\/p>\n<p>12. V\u00edctor Vald\u00e9s tuvo una gran \u00e9poca con el cabello largo.<\/p>\n<p><a href=\"https:\/\/www.futboltotal.com.mx\/wp-content\/uploads\/2017\/09\/pelo-zidane.jpg\"><img decoding=\"async\" loading=\"lazy\" class=\"alignnone size-full wp-image-499050\" src=\"https:\/\/www.futboltotal.com.mx\/wp-content\/uploads\/2017\/09\/pelo-zidane.jpg\" alt=\"13 futbolistas que lucen irreconocibles con cabello 12\" srcset=\"http:\/\/desarrollo.grupomedios.com\/futbol\/wp-content\/uploads\/2017\/09\/pelo-zidane.jpg 728w, http:\/\/desarrollo.grupomedios.com\/futbol\/wp-content\/uploads\/2017\/09\/pelo-zidane-284x300.jpg 284w\" sizes=\"(max-width: 728px) 100vw, 728px\" \/><\/a><\/p>\n<p>13. Zizou se hizo muy famoso con nada de cabello pero en sus inicios ten\u00eda rizos.<\/p>\n<h2>El plus<\/h2>\n<p>En este caso a la inversa, Fellaini, quien hoy tiene un cabello rizado muy largo, aqu\u00ed se muestra con el cabello corto.<\/p>\n<p><a href=\"https:\/\/www.futboltotal.com.mx\/wp-content\/uploads\/2017\/09\/pelo-fellaini.jpg\"><img decoding=\"async\" loading=\"lazy\" class=\"alignnone size-full wp-image-499040\" src=\"https:\/\/www.futboltotal.com.mx\/wp-content\/uploads\/2017\/09\/pelo-fellaini.jpg\" alt=\"13 futbolistas que lucen irreconocibles con cabello 13\" srcset=\"http:\/\/desarrollo.grupomedios.com\/futbol\/wp-content\/uploads\/2017\/09\/pelo-fellaini.jpg 495w, http:\/\/desarrollo.grupomedios.com\/futbol\/wp-content\/uploads\/2017\/09\/pelo-fellaini-193x300.jpg 193w\" sizes=\"(max-width: 495px) 100vw, 495px\" \/><\/a><\/p>\n<p style=\"text-align: center;\"><span style=\"color: #333399;\"><a style=\"color: #333399;\" href=\"https:\/\/www.futboltotal.com.mx\/2017\/09\/brutal-entrada-contra-portero-del-manchester-city\/\" target=\"_blank\" rel=\"noopener noreferrer\">VER M\u00c1S: Brutal entrada contra portero de Manchester City<\/a><\/span><\/p>\n","protected":false},"excerpt":{"rendered":"<p>\u00bfLos reconoces a todos?<\/p>\n","protected":false},"author":20,"featured_media":499052,"comment_status":"closed","ping_status":"closed","sticky":false,"template":"","format":"standard","meta":[],"categories":[6410,3839,3],"tags":[6052,5983,10142,5065,835,1504,1900,2943],"_links":{"self":[{"href":"http:\/\/desarrollo.grupomedios.com\/futbol\/wp-json\/wp\/v2\/posts\/499036"}],"collection":[{"href":"http:\/\/desarrollo.grupomedios.com\/futbol\/wp-json\/wp\/v2\/posts"}],"about":[{"href":"http:\/\/desarrollo.grupomedios.com\/futbol\/wp-json\/wp\/v2\/types\/post"}],"author":[{"embeddable":true,"href":"http:\/\/desarrollo.grupomedios.com\/futbol\/wp-json\/wp\/v2\/users\/20"}],"replies":[{"embeddable":true,"href":"http:\/\/desarrollo.grupomedios.com\/futbol\/wp-json\/wp\/v2\/comments?post=499036"}],"version-history":[{"count":1,"href":"http:\/\/desarrollo.grupomedios.com\/futbol\/wp-json\/wp\/v2\/posts\/499036\/revisions"}],"predecessor-version":[{"id":499053,"href":"http:\/\/desarrollo.grupomedios.com\/futbol\/wp-json\/wp\/v2\/posts\/499036\/revisions\/499053"}],"wp:featuredmedia":[{"embeddable":true,"href":"http:\/\/desarrollo.grupomedios.com\/futbol\/wp-json\/wp\/v2\/media\/499052"}],"wp:attachment":[{"href":"http:\/\/desarrollo.grupomedios.com\/futbol\/wp-json\/wp\/v2\/media?parent=499036"}],"wp:term":[{"taxonomy":"category","embeddable":true,"href":"http:\/\/desarrollo.grupomedios.com\/futbol\/wp-json\/wp\/v2\/categories?post=499036"},{"taxonomy":"post_tag","embeddable":true,"href":"http:\/\/desarrollo.grupomedios.com\/futbol\/wp-json\/wp\/v2\/tags?post=499036"}],"curies":[{"name":"wp","href":"https:\/\/api.w.org\/{rel}","templated":true}]}}