{"id":499055,"date":"2017-09-09T14:27:56","date_gmt":"2017-09-09T19:27:56","guid":{"rendered":"https:\/\/www.futboltotal.com.mx\/?p=499055"},"modified":"2017-09-09T14:27:56","modified_gmt":"2017-09-09T19:27:56","slug":"sorpresa-bayern-pierde-en-debut-james-en-bundesliga","status":"publish","type":"post","link":"http:\/\/desarrollo.grupomedios.com\/futbol\/futbol-internacional\/sorpresa-bayern-pierde-en-debut-james-en-bundesliga\/2017\/09","title":{"rendered":"\u00a1Sorpresa! El Bayern pierde en el debut de James en Bundesliga"},"content":{"rendered":"<p>El <strong>Bayern<\/strong> sufri\u00f3 en el campo del <strong>Hoffenheim<\/strong> su primer rev\u00e9s de la temporada y perdi\u00f3 con un doblete de <strong>Mark Uth<\/strong>, v\u00edctima de sus propios errores, en el debut oficial en la <strong>Bundesliga<\/strong> del colombiano <strong>James Rodr\u00edguez<\/strong>, al que recurri\u00f3 Carlo Ancelotti para jugar el \u00faltimo cuarto de hora.<\/p>\n<p>El campe\u00f3n, lejos de la determinaci\u00f3n y la autoridad de anta\u00f1o, fue incapaz de evitar la derrota en el Wirsol Rhein-Neckar Arena para mantener el dominio de la clasificaci\u00f3n de la Liga alemana, en poder del Borrusia Dortmund y del Hannover, que se dejaron en esta tercera jornada sus primeros puntos del curso tras los empates cosechados ante el Friburgo y el Wolfsburgo, respectivamente.<\/p>\n<p>El cuadro de Carlo Ancelotti fue incapaz de sobreponerse a los contratiempos y de reaccionar ante un rival que tradicionalmente se le atraganta.<\/p>\n<p style=\"text-align: center;\"><span style=\"color: #333399;\"><a style=\"color: #333399;\" href=\"https:\/\/www.futboltotal.com.mx\/2017\/09\/andrea-duro-habla-chicharito-puede-contener-la-risa\/\">VER M\u00c1S:\u00a0<span class=\"item-title\">Andrea Duro habla de Chicharito y no puede contener la risa<\/span><\/a><\/span><\/p>\n<p>El primer tanto del Hoffenheim dej\u00f3 al descubierto las carencias defensivas del campe\u00f3n, despistado en una acci\u00f3n de saque de banda que termin\u00f3 con Manuel Neuer batido. El croata Andrej Kramanic sac\u00f3 de fuera con rapidez y dej\u00f3 a Mark Uth de cara a la porter\u00eda. Su disparo se col\u00f3 por el palo inferior del portero internacional de Alemania.<\/p>\n<p>Careci\u00f3 de reacci\u00f3n el Bayern, que domin\u00f3 pero sin crear ocasiones claras de gol ante un adversario ordenado que ampli\u00f3 su ventaja al inicio de la segunda parte, cuando Uth, en el punto de penalti, recibi\u00f3 un centro hacia atr\u00e1s de Steven Zuber. El goleador no fall\u00f3 y llev\u00f3 otra vez la pelota a la red.<\/p>\n<p>Carlo Ancelotti busc\u00f3 la reacci\u00f3n entre los jugadores de su banquillo. Recurri\u00f3 a Arjen Robben en el 57, por Sebastian Rudy, y luego al colombiano James Rodr\u00edguez y a Frank Ribery, que sustituyeron en el 78 a Thomas Muller y Rafinha, respectivamente.<\/p>\n<p style=\"text-align: center;\"><span style=\"color: #333399;\"><a style=\"color: #333399;\" href=\"https:\/\/www.futboltotal.com.mx\/2017\/09\/ex-real-madrid-critica-a-la-aficion-merengue\/\">VER M\u00c1S:\u00a0Ex Real Madrid critica a la afici\u00f3n merengue<\/a><\/span><\/p>\n<p>Fue el debut oficial de James con la camiseta del Bayern. Apenas pudo aportar el colombiano en unos minutos sin orden y plagados de precipitaci\u00f3n en el combinado b\u00e1varo.<\/p>\n<p>La primera derrota del curso del Bayern le aparta del liderato que ostenta el Borussia Dortmund, el Hannover y el propio Hoffenheim, que acumulan siete puntos.<\/p>\n","protected":false},"excerpt":{"rendered":"<p>El colombiano debut\u00f3 con derrota en el duelo frente al Hoffenheim<\/p>\n","protected":false},"author":144,"featured_media":499057,"comment_status":"closed","ping_status":"closed","sticky":false,"template":"","format":"standard","meta":[],"categories":[7573,3839,3844],"tags":[2056,119,7879],"_links":{"self":[{"href":"http:\/\/desarrollo.grupomedios.com\/futbol\/wp-json\/wp\/v2\/posts\/499055"}],"collection":[{"href":"http:\/\/desarrollo.grupomedios.com\/futbol\/wp-json\/wp\/v2\/posts"}],"about":[{"href":"http:\/\/desarrollo.grupomedios.com\/futbol\/wp-json\/wp\/v2\/types\/post"}],"author":[{"embeddable":true,"href":"http:\/\/desarrollo.grupomedios.com\/futbol\/wp-json\/wp\/v2\/users\/144"}],"replies":[{"embeddable":true,"href":"http:\/\/desarrollo.grupomedios.com\/futbol\/wp-json\/wp\/v2\/comments?post=499055"}],"version-history":[{"count":1,"href":"http:\/\/desarrollo.grupomedios.com\/futbol\/wp-json\/wp\/v2\/posts\/499055\/revisions"}],"predecessor-version":[{"id":499058,"href":"http:\/\/desarrollo.grupomedios.com\/futbol\/wp-json\/wp\/v2\/posts\/499055\/revisions\/499058"}],"wp:featuredmedia":[{"embeddable":true,"href":"http:\/\/desarrollo.grupomedios.com\/futbol\/wp-json\/wp\/v2\/media\/499057"}],"wp:attachment":[{"href":"http:\/\/desarrollo.grupomedios.com\/futbol\/wp-json\/wp\/v2\/media?parent=499055"}],"wp:term":[{"taxonomy":"category","embeddable":true,"href":"http:\/\/desarrollo.grupomedios.com\/futbol\/wp-json\/wp\/v2\/categories?post=499055"},{"taxonomy":"post_tag","embeddable":true,"href":"http:\/\/desarrollo.grupomedios.com\/futbol\/wp-json\/wp\/v2\/tags?post=499055"}],"curies":[{"name":"wp","href":"https:\/\/api.w.org\/{rel}","templated":true}]}}