{"id":499070,"date":"2017-09-09T15:12:03","date_gmt":"2017-09-09T20:12:03","guid":{"rendered":"https:\/\/www.futboltotal.com.mx\/?p=499070"},"modified":"2017-09-09T15:12:03","modified_gmt":"2017-09-09T20:12:03","slug":"lobos-tv-ya-a-narrador-oficial","status":"publish","type":"post","link":"http:\/\/desarrollo.grupomedios.com\/futbol\/destacado-home\/lobos-tv-ya-a-narrador-oficial\/2017\/09","title":{"rendered":"Lobos TV ya tiene a su narrador oficial"},"content":{"rendered":"<p>La nueva se\u00f1al de transmisi\u00f3n que se dar\u00e1 a conocer el d\u00eda de hoy llamada <strong>Lobos TV<\/strong>, que transmitir\u00e1 los partidos de local del equipo <strong>Lobos BUAP<\/strong> ya tiene narrador.<\/p>\n<p>La voz de Salvador Aguilera, director del peri\u00f3dico ESTO, ser\u00e1 el encargado de narrar las acciones en el partido Lobos BUAP contra Morelia.<\/p>\n<p style=\"text-align: center;\"><span style=\"color: #333399;\"><a style=\"color: #333399;\" href=\"https:\/\/www.futboltotal.com.mx\/2017\/09\/garcia-torano-carlos-gabriel-llegan-a-los-golpes-en-pleno-programa\/\">VER M\u00c1S:\u00a0<span class=\"item-title\">Garc\u00eda Tora\u00f1o y Carlos Gabriel llegan a los golpes en pleno programa<\/span><\/a><\/span><\/p>\n<p>Aguilera estar\u00e1 acompa\u00f1ado por Jos\u00e9 Luis Vargas y Jos\u00e9 Francisco P\u00e9rez en el palco de transmisi\u00f3n, mientras que en cancha estar\u00e1 Jonathan Pe\u00f1a.<\/p>\n<p>Este s\u00e1bado a las 17:00 horas ser\u00e1 la primera transmisi\u00f3n que tendr\u00e1 el canal Lobos TV de un partido de futbol.<\/p>\n<p style=\"text-align: center;\"><span style=\"color: #333399;\"><a style=\"color: #333399;\" href=\"https:\/\/www.futboltotal.com.mx\/2017\/09\/aficionado-corre-tras-autobus-del-arsenal-5-millas-y-no-creeras-el-final\/\">VER M\u00c1S:\u00a0<span class=\"item-title\">Aficionado corre 5 millas tras autob\u00fas del Arsenal y no creer\u00e1s el final<\/span><\/a><\/span><\/p>\n","protected":false},"excerpt":{"rendered":"<p>La directiva de Lobos BUAP y la empresa InternetTV definieron al narrador del partido contra Morelia<\/p>\n","protected":false},"author":20,"featured_media":499071,"comment_status":"closed","ping_status":"closed","sticky":false,"template":"","format":"standard","meta":[],"categories":[5,2198,3845],"tags":[431,9760,5967],"_links":{"self":[{"href":"http:\/\/desarrollo.grupomedios.com\/futbol\/wp-json\/wp\/v2\/posts\/499070"}],"collection":[{"href":"http:\/\/desarrollo.grupomedios.com\/futbol\/wp-json\/wp\/v2\/posts"}],"about":[{"href":"http:\/\/desarrollo.grupomedios.com\/futbol\/wp-json\/wp\/v2\/types\/post"}],"author":[{"embeddable":true,"href":"http:\/\/desarrollo.grupomedios.com\/futbol\/wp-json\/wp\/v2\/users\/20"}],"replies":[{"embeddable":true,"href":"http:\/\/desarrollo.grupomedios.com\/futbol\/wp-json\/wp\/v2\/comments?post=499070"}],"version-history":[{"count":1,"href":"http:\/\/desarrollo.grupomedios.com\/futbol\/wp-json\/wp\/v2\/posts\/499070\/revisions"}],"predecessor-version":[{"id":499072,"href":"http:\/\/desarrollo.grupomedios.com\/futbol\/wp-json\/wp\/v2\/posts\/499070\/revisions\/499072"}],"wp:featuredmedia":[{"embeddable":true,"href":"http:\/\/desarrollo.grupomedios.com\/futbol\/wp-json\/wp\/v2\/media\/499071"}],"wp:attachment":[{"href":"http:\/\/desarrollo.grupomedios.com\/futbol\/wp-json\/wp\/v2\/media?parent=499070"}],"wp:term":[{"taxonomy":"category","embeddable":true,"href":"http:\/\/desarrollo.grupomedios.com\/futbol\/wp-json\/wp\/v2\/categories?post=499070"},{"taxonomy":"post_tag","embeddable":true,"href":"http:\/\/desarrollo.grupomedios.com\/futbol\/wp-json\/wp\/v2\/tags?post=499070"}],"curies":[{"name":"wp","href":"https:\/\/api.w.org\/{rel}","templated":true}]}}