{"id":499108,"date":"2017-09-09T18:07:45","date_gmt":"2017-09-09T23:07:45","guid":{"rendered":"https:\/\/www.futboltotal.com.mx\/?p=499108"},"modified":"2017-09-09T18:07:45","modified_gmt":"2017-09-09T23:07:45","slug":"mexicano-la-rompe-en-la-liga-belgica","status":"publish","type":"post","link":"http:\/\/desarrollo.grupomedios.com\/futbol\/futbol-internacional\/mexicano-la-rompe-en-la-liga-belgica\/2017\/09","title":{"rendered":"El mexicano que s\u00ed la rompe en la liga de B\u00e9lgica"},"content":{"rendered":"<p>La <strong>Jupiler League de B\u00e9lgica<\/strong> ha sido seguida por los aficionados mexicanos desde la llegada de <strong>Guillermo Ochoa<\/strong>, arquero titular del Tricolor, al Standard de Lieja.<\/p>\n<p>Sin embargo, sus actuaciones no han sido las m\u00e1s efectivas para su equipo, que ha sido goleado en par de ocasiones en este inicio de torneo, y actualmente est\u00e1 en el lugar 12 de la tabla.<\/p>\n<p style=\"text-align: center;\"><span style=\"color: #333399;\"><a style=\"color: #333399;\" href=\"https:\/\/www.futboltotal.com.mx\/2017\/09\/layun-tecatito-titulares-en-goleada-del-porto\/\">VER M\u00c1S:\u00a0<span class=\"item-title\">Lay\u00fan y \u2018Tecatito\u2019, titulares en goleada del Porto<\/span><\/a><\/span><\/p>\n<p>Sin embargo, existe otro mexicano que s\u00ed la est\u00e1 rompiendo en B\u00e9lgica, su nombre: <strong>Omar Govea<\/strong>.<\/p>\n<p>El mediocampista mexicano se ha convertido en un jugador innamovible del <strong>Royal Mouscron<\/strong>, equipo que derrot\u00f3 este s\u00e1bado al l\u00edder del torneo, el Brujas.<\/p>\n<p style=\"text-align: center;\"><span style=\"color: #333399;\"><a style=\"color: #333399;\" href=\"https:\/\/www.futboltotal.com.mx\/2017\/09\/dembele-nino-timido-se-robo-camp-nou\/\">VER M\u00c1S:\u00a0<span class=\"item-title\">Demb\u00e9l\u00e9, el ni\u00f1o t\u00edmido que se rob\u00f3 el Camp Nou<\/span><\/a><\/span><\/p>\n<p>Y Govea jug\u00f3 los 90 minutos del partido, con lo que est\u00e1 demostrando poco a poco que est\u00e1 para lucir en el futbol europeo, en un equipo que actualmente es tercer lugar del torneo.<\/p>\n","protected":false},"excerpt":{"rendered":"<p>El mediocampista mexicano es titular en su equipo y est\u00e1 en los primeros lugares<\/p>\n","protected":false},"author":20,"featured_media":499110,"comment_status":"closed","ping_status":"closed","sticky":false,"template":"","format":"standard","meta":[],"categories":[3839,9806],"tags":[10147,5612],"_links":{"self":[{"href":"http:\/\/desarrollo.grupomedios.com\/futbol\/wp-json\/wp\/v2\/posts\/499108"}],"collection":[{"href":"http:\/\/desarrollo.grupomedios.com\/futbol\/wp-json\/wp\/v2\/posts"}],"about":[{"href":"http:\/\/desarrollo.grupomedios.com\/futbol\/wp-json\/wp\/v2\/types\/post"}],"author":[{"embeddable":true,"href":"http:\/\/desarrollo.grupomedios.com\/futbol\/wp-json\/wp\/v2\/users\/20"}],"replies":[{"embeddable":true,"href":"http:\/\/desarrollo.grupomedios.com\/futbol\/wp-json\/wp\/v2\/comments?post=499108"}],"version-history":[{"count":1,"href":"http:\/\/desarrollo.grupomedios.com\/futbol\/wp-json\/wp\/v2\/posts\/499108\/revisions"}],"predecessor-version":[{"id":499111,"href":"http:\/\/desarrollo.grupomedios.com\/futbol\/wp-json\/wp\/v2\/posts\/499108\/revisions\/499111"}],"wp:featuredmedia":[{"embeddable":true,"href":"http:\/\/desarrollo.grupomedios.com\/futbol\/wp-json\/wp\/v2\/media\/499110"}],"wp:attachment":[{"href":"http:\/\/desarrollo.grupomedios.com\/futbol\/wp-json\/wp\/v2\/media?parent=499108"}],"wp:term":[{"taxonomy":"category","embeddable":true,"href":"http:\/\/desarrollo.grupomedios.com\/futbol\/wp-json\/wp\/v2\/categories?post=499108"},{"taxonomy":"post_tag","embeddable":true,"href":"http:\/\/desarrollo.grupomedios.com\/futbol\/wp-json\/wp\/v2\/tags?post=499108"}],"curies":[{"name":"wp","href":"https:\/\/api.w.org\/{rel}","templated":true}]}}