{"id":499190,"date":"2017-09-10T11:47:41","date_gmt":"2017-09-10T16:47:41","guid":{"rendered":"https:\/\/www.futboltotal.com.mx\/?p=499190"},"modified":"2017-09-10T11:47:41","modified_gmt":"2017-09-10T16:47:41","slug":"real-sociedad-con-vela-gana-y-es-sublider-de-la-liga","status":"publish","type":"post","link":"http:\/\/desarrollo.grupomedios.com\/futbol\/futbol-internacional\/real-sociedad-con-vela-gana-y-es-sublider-de-la-liga\/2017\/09","title":{"rendered":"Real Sociedad con Vela gana y es subl\u00edder de La Liga"},"content":{"rendered":"<p>Van tres jornadas en la <strong>Liga de Espa\u00f1a<\/strong> y las sorpresas se han dado desde su arranque, el Madrid sin Cristiano no funciona, el Barcelona super\u00f3 los problemas de los fichajes y se afianza como l\u00edder y la <strong>Real Sociedad<\/strong> es segundo.<\/p>\n<p>En esta jornada los\u00a0<strong><em>txurri urdin<\/em> <\/strong>consiguieron ponerse por debajo del Barcelona por diferencia de goles aunque han anotado uno m\u00e1s.<\/p>\n<p>Llevan 10 goles anotados por cuatro recibidos ante los 9 anotados por los cul\u00e9s que a\u00fan no han recibido gol en contra.<\/p>\n<p>Esta jornada derrotaron en <strong>Riazor<\/strong> al <strong>Deportivo<\/strong> de la Coru\u00f1a para conseguir su tercera victoria en la misma cantidad de encuentros disputados.<\/p>\n<p>Un partido de locos que la <strong>Real<\/strong> ganaba a penas en los primeros minutos por 2-0 sin embargo los extraordinarios cambios del entrenador del equipo local, le permitieron empatar el juego.<\/p>\n<p style=\"text-align: center;\"><span style=\"color: #333399;\"><a style=\"color: #333399;\" href=\"https:\/\/www.futboltotal.com.mx\/2017\/09\/karim-benzema-sera-baja-mes-real-madrid\/\" target=\"_blank\" rel=\"noopener noreferrer\">VER M\u00c1S: Benzema no jugar\u00e1 con el Madrid<\/a><\/span><\/p>\n<p>Ya en la recta final del mismo, un gran Illarramendi que colabor\u00f3 con dos tantos, puso el 2-4 tras el 2-3 que <strong>Llorente<\/strong> ya hab\u00eda marcado instantes atr\u00e1s.<\/p>\n<p>La entrada de <strong>Lucas P\u00e9rez<\/strong> revolucion\u00f3 al Depor que reaccion\u00f3, en los \u00faltimos 20 minutos ingres\u00f3 <strong>Carlos Vela<\/strong> que estuvo participativo y pudo presenciar la remonrada de su equipo que lo gaba a por dos, le empataron y termin\u00f3 con un 2-4 a favor que lo pone atr\u00e1s de <strong>Bar\u00e7a<\/strong>, respir\u00e1ndole en la cabeza.<\/p>\n","protected":false},"excerpt":{"rendered":"<p>Carlos Vela particip\u00f3 en el movido encuentro que tuvo la Real.<\/p>\n","protected":false},"author":20,"featured_media":499192,"comment_status":"closed","ping_status":"closed","sticky":false,"template":"","format":"standard","meta":[],"categories":[3839],"tags":[6100,6048,10151,76,102],"_links":{"self":[{"href":"http:\/\/desarrollo.grupomedios.com\/futbol\/wp-json\/wp\/v2\/posts\/499190"}],"collection":[{"href":"http:\/\/desarrollo.grupomedios.com\/futbol\/wp-json\/wp\/v2\/posts"}],"about":[{"href":"http:\/\/desarrollo.grupomedios.com\/futbol\/wp-json\/wp\/v2\/types\/post"}],"author":[{"embeddable":true,"href":"http:\/\/desarrollo.grupomedios.com\/futbol\/wp-json\/wp\/v2\/users\/20"}],"replies":[{"embeddable":true,"href":"http:\/\/desarrollo.grupomedios.com\/futbol\/wp-json\/wp\/v2\/comments?post=499190"}],"version-history":[{"count":2,"href":"http:\/\/desarrollo.grupomedios.com\/futbol\/wp-json\/wp\/v2\/posts\/499190\/revisions"}],"predecessor-version":[{"id":499195,"href":"http:\/\/desarrollo.grupomedios.com\/futbol\/wp-json\/wp\/v2\/posts\/499190\/revisions\/499195"}],"wp:featuredmedia":[{"embeddable":true,"href":"http:\/\/desarrollo.grupomedios.com\/futbol\/wp-json\/wp\/v2\/media\/499192"}],"wp:attachment":[{"href":"http:\/\/desarrollo.grupomedios.com\/futbol\/wp-json\/wp\/v2\/media?parent=499190"}],"wp:term":[{"taxonomy":"category","embeddable":true,"href":"http:\/\/desarrollo.grupomedios.com\/futbol\/wp-json\/wp\/v2\/categories?post=499190"},{"taxonomy":"post_tag","embeddable":true,"href":"http:\/\/desarrollo.grupomedios.com\/futbol\/wp-json\/wp\/v2\/tags?post=499190"}],"curies":[{"name":"wp","href":"https:\/\/api.w.org\/{rel}","templated":true}]}}