{"id":499193,"date":"2017-09-10T11:50:41","date_gmt":"2017-09-10T16:50:41","guid":{"rendered":"https:\/\/www.futboltotal.com.mx\/?p=499193"},"modified":"2017-09-10T11:50:41","modified_gmt":"2017-09-10T16:50:41","slug":"jugador-panameno-detenido-robo","status":"publish","type":"post","link":"http:\/\/desarrollo.grupomedios.com\/futbol\/futbol-internacional\/jugador-panameno-detenido-robo\/2017\/09","title":{"rendered":"Jugador Paname\u00f1o es detenido por robo"},"content":{"rendered":"<p>El joven <strong>Darwin Pinz\u00f3n<\/strong> quien form\u00f3 parte de la<strong> selecci\u00f3n de futbol de Panam\u00e1<\/strong> y milita en un club local qued\u00f3 hoy en detenci\u00f3n provisional por presuntamente ser c\u00f3mplice de un robo de celulares ocurrido en el norte de ciudad de Panam\u00e1.<\/p>\n<p>El juez de garant\u00edas del distrito de San Miguelito, Edgar Jim\u00e9nez, decret\u00f3 la medida para el deportista, de 23 a\u00f1os, y para las otras dos personas implicadas, de 37 y 22 a\u00f1os, despu\u00e9s de escuchar las versiones de la fiscal\u00eda y las defensas, inform\u00f3 el \u00d3rgano Judicial.<\/p>\n<p>Medios locales han identificado al futbolista como <strong>Darwin Pinz\u00f3n<\/strong>, quien milita en el<strong> Sporting de San Miguelito<\/strong>. Los otros dos detenidos son Jos\u00e9 Blabdford Asprilla, de 37 a\u00f1os, y Javier Gonz\u00e1lez, de 22 a\u00f1os, de acuerdo con el diario Cr\u00edtica.<\/p>\n<p style=\"text-align: center;\"><span style=\"color: #3366ff;\"><a style=\"color: #3366ff;\" href=\"https:\/\/www.futboltotal.com.mx\/2017\/09\/primera-expulsion-para-hirving-lozano\/\">VER M\u00c1S: Chucky Lozano sufre primera expulsi\u00f3n en derrota del PSV<\/a><\/span><\/p>\n<p><strong>Pinz\u00f3n<\/strong>, quien seg\u00fan Cr\u00edtica es el jugador mejor pagado del <strong>Sporting<\/strong>, es se\u00f1alado como c\u00f3mplice primario porque conduc\u00eda el veh\u00edculo que supuestamente se utiliz\u00f3 para cometer el delito.<\/p>\n<p>De acuerdo con el relato de la Fiscal\u00eda, dos de los acusados &#8220;se bajaron portando ambos arma de fuego, uno de ellos tom\u00f3 a una de sus v\u00edctimas apunt\u00e1ndole en la cabeza y la despoj\u00f3 de sus bienes, acto similar realiz\u00f3 el segundo individuo con el acompa\u00f1ante de la v\u00edctima; mientras el tercer individuo, reconocido como una figura del f\u00fatbol, los apuraba para que se subieran al veh\u00edculo&#8221;.<\/p>\n<p>Los tres sospechosos fueron capturados en un ret\u00e9n policial en una v\u00eda de la periferia este de la ciudad la noche del jueves.<\/p>\n<p style=\"text-align: center;\"><span style=\"color: #3366ff;\"><a style=\"color: #3366ff;\" href=\"https:\/\/www.futboltotal.com.mx\/2017\/09\/inter-gana-y-el-var-entra-en-accion\/\">VER M\u00c1S: Inter gana y el VAR entra en acci\u00f3n<\/a><\/span><\/p>\n<p>La defensa de <strong>Pinz\u00f3n<\/strong> apel\u00f3 la medida cautelar de detenci\u00f3n y para ello se le concedi\u00f3 una audiencia el 15 de septiembre, apunt\u00f3 la informaci\u00f3n oficial.<\/p>\n<p>El juez de Garant\u00edas concedi\u00f3 un plazo de 6 meses para que el Ministerio P\u00fablico pueda concluir su investigaci\u00f3n.<\/p>\n","protected":false},"excerpt":{"rendered":"<p>El jugador ha sido seleccionado paname\u00f1o.<\/p>\n","protected":false},"author":144,"featured_media":499196,"comment_status":"closed","ping_status":"closed","sticky":false,"template":"","format":"standard","meta":[],"categories":[3839],"tags":[5460,6214,625],"_links":{"self":[{"href":"http:\/\/desarrollo.grupomedios.com\/futbol\/wp-json\/wp\/v2\/posts\/499193"}],"collection":[{"href":"http:\/\/desarrollo.grupomedios.com\/futbol\/wp-json\/wp\/v2\/posts"}],"about":[{"href":"http:\/\/desarrollo.grupomedios.com\/futbol\/wp-json\/wp\/v2\/types\/post"}],"author":[{"embeddable":true,"href":"http:\/\/desarrollo.grupomedios.com\/futbol\/wp-json\/wp\/v2\/users\/144"}],"replies":[{"embeddable":true,"href":"http:\/\/desarrollo.grupomedios.com\/futbol\/wp-json\/wp\/v2\/comments?post=499193"}],"version-history":[{"count":1,"href":"http:\/\/desarrollo.grupomedios.com\/futbol\/wp-json\/wp\/v2\/posts\/499193\/revisions"}],"predecessor-version":[{"id":499197,"href":"http:\/\/desarrollo.grupomedios.com\/futbol\/wp-json\/wp\/v2\/posts\/499193\/revisions\/499197"}],"wp:featuredmedia":[{"embeddable":true,"href":"http:\/\/desarrollo.grupomedios.com\/futbol\/wp-json\/wp\/v2\/media\/499196"}],"wp:attachment":[{"href":"http:\/\/desarrollo.grupomedios.com\/futbol\/wp-json\/wp\/v2\/media?parent=499193"}],"wp:term":[{"taxonomy":"category","embeddable":true,"href":"http:\/\/desarrollo.grupomedios.com\/futbol\/wp-json\/wp\/v2\/categories?post=499193"},{"taxonomy":"post_tag","embeddable":true,"href":"http:\/\/desarrollo.grupomedios.com\/futbol\/wp-json\/wp\/v2\/tags?post=499193"}],"curies":[{"name":"wp","href":"https:\/\/api.w.org\/{rel}","templated":true}]}}