{"id":499231,"date":"2017-09-10T15:07:24","date_gmt":"2017-09-10T20:07:24","guid":{"rendered":"https:\/\/www.futboltotal.com.mx\/?p=499231"},"modified":"2017-09-10T15:07:24","modified_gmt":"2017-09-10T20:07:24","slug":"mexicano-nunca-deja-a-mexicano-gignac","status":"publish","type":"post","link":"http:\/\/desarrollo.grupomedios.com\/futbol\/futbol-mexicano\/mexicano-nunca-deja-a-mexicano-gignac\/2017\/09","title":{"rendered":"&#8220;Un mexicano nunca deja solo a otro mexicano&#8221;: Gignac"},"content":{"rendered":"<p><strong>Andr\u00e9-Pierre Gignac<\/strong> y<strong> Timoth\u00e9e Kolodzciejzak<\/strong> se<span style=\"color: #3366ff;\"> <a style=\"color: #3366ff;\" href=\"https:\/\/www.futboltotal.com.mx\/2017\/09\/gignac-se-une-a-aquino-en-recoleccion-de-viveres\/\" target=\"_blank\" rel=\"noopener noreferrer\">unieron a Javier Aquino<\/a><\/span> para la recolecta de v\u00edveres para los damnificados de Oaxaca luego del terremoto del pasado 7 de septiembre.<\/p>\n<p>La recolecta se hizo en el Parque M\u00e9xico, en la CMDX y ah\u00ed el delantero franc\u00e9s hizo referencia a la famosa frase &#8220;Un Tigre nunca deja solo a otro Tigre&#8221;, pero con referencia a los recientes hechos.<\/p>\n<p>\u201cUn mexicano nunca deja solo a un mexicano\u201d, expres\u00f3 el jugador felino en el Parque Espa\u00f1a.<\/p>\n<p style=\"text-align: center;\"><span style=\"color: #3366ff;\"><a style=\"color: #3366ff;\" href=\"https:\/\/www.futboltotal.com.mx\/2017\/09\/abogados-jorge-vergara-habrian-amenazado-a-juez\/\">VER M\u00c1S: Abogados de Jorge Vergara habr\u00edan amenazado a un juez<\/a><\/span><\/p>\n<p>https:\/\/twitter.com\/AlexLA94\/status\/906964197011062784<\/p>\n<p>Gignac agradeci\u00f3 la respuesta de la afici\u00f3n y asegur\u00f3 que buscaron aprovechar lo que mueve el futbol para poder ayudar al pa\u00eds luego de los terribles hechos.<\/p>\n<p>\u201cIntentamos en lo que podemos ayudar. Es la fuerza de un pa\u00eds, pero la fuerza del futbol es muy grande y aprovechamos para ayudar\u201d, dijo.<\/p>\n<p>Ambos jugadores se quedaron a tomarse fotograf\u00edas y repartir fotos a la gente presente.<\/p>\n","protected":false},"excerpt":{"rendered":"<p>El franc\u00e9s ayud\u00f3 en al recolecta por Oaxaca.<\/p>\n","protected":false},"author":20,"featured_media":499232,"comment_status":"closed","ping_status":"closed","sticky":false,"template":"","format":"standard","meta":[],"categories":[2198,3845],"tags":[3560,5430,10156,5973],"_links":{"self":[{"href":"http:\/\/desarrollo.grupomedios.com\/futbol\/wp-json\/wp\/v2\/posts\/499231"}],"collection":[{"href":"http:\/\/desarrollo.grupomedios.com\/futbol\/wp-json\/wp\/v2\/posts"}],"about":[{"href":"http:\/\/desarrollo.grupomedios.com\/futbol\/wp-json\/wp\/v2\/types\/post"}],"author":[{"embeddable":true,"href":"http:\/\/desarrollo.grupomedios.com\/futbol\/wp-json\/wp\/v2\/users\/20"}],"replies":[{"embeddable":true,"href":"http:\/\/desarrollo.grupomedios.com\/futbol\/wp-json\/wp\/v2\/comments?post=499231"}],"version-history":[{"count":1,"href":"http:\/\/desarrollo.grupomedios.com\/futbol\/wp-json\/wp\/v2\/posts\/499231\/revisions"}],"predecessor-version":[{"id":499233,"href":"http:\/\/desarrollo.grupomedios.com\/futbol\/wp-json\/wp\/v2\/posts\/499231\/revisions\/499233"}],"wp:featuredmedia":[{"embeddable":true,"href":"http:\/\/desarrollo.grupomedios.com\/futbol\/wp-json\/wp\/v2\/media\/499232"}],"wp:attachment":[{"href":"http:\/\/desarrollo.grupomedios.com\/futbol\/wp-json\/wp\/v2\/media?parent=499231"}],"wp:term":[{"taxonomy":"category","embeddable":true,"href":"http:\/\/desarrollo.grupomedios.com\/futbol\/wp-json\/wp\/v2\/categories?post=499231"},{"taxonomy":"post_tag","embeddable":true,"href":"http:\/\/desarrollo.grupomedios.com\/futbol\/wp-json\/wp\/v2\/tags?post=499231"}],"curies":[{"name":"wp","href":"https:\/\/api.w.org\/{rel}","templated":true}]}}