{"id":499252,"date":"2017-09-10T16:21:27","date_gmt":"2017-09-10T21:21:27","guid":{"rendered":"https:\/\/www.futboltotal.com.mx\/?p=499252"},"modified":"2017-09-10T16:21:27","modified_gmt":"2017-09-10T21:21:27","slug":"betis-guardado-caen-en-visita-al-villarreal","status":"publish","type":"post","link":"http:\/\/desarrollo.grupomedios.com\/futbol\/futbol-internacional\/betis-guardado-caen-en-visita-al-villarreal\/2017\/09","title":{"rendered":"Betis y Guardado caen en su visita al Villarreal"},"content":{"rendered":"<p>Un gol del colombiano Carlos Bacca, tras forzar un error del meta Ad\u00e1n, abri\u00f3 la remontada del <strong>Villarreal<\/strong> que logr\u00f3 sus primeros puntos tras imponerse por 3-1 a un<strong> Betis<\/strong> de<strong> Andr\u00e9s Guardado<\/strong>, quien ingres\u00f3 de cambio.<\/p>\n<p>https:\/\/twitter.com\/RealBetis\/status\/906979937512509440<\/p>\n<p>A los diez minutos de juego nivelado, una buena penetraci\u00f3n por la derecho propici\u00f3 un centro perfecto de Joaqu\u00edn que Sergio Le\u00f3n cabece\u00f3 a gol de forma inapelable.<\/p>\n<p>Al portero del <strong>Betis<\/strong> se le escap\u00f3 un bal\u00f3n que trataba de controlar con el pie derecho y Bacca, con la ayuda de Bakambu, se lo rob\u00f3 y estableci\u00f3 el empate.<\/p>\n<p style=\"text-align: center;\"><span style=\"color: #3366ff;\"><a style=\"color: #3366ff;\" href=\"https:\/\/www.futboltotal.com.mx\/2017\/09\/una-atajada-guillermo-ochoa-evita-derrota-del-standard-lieja\/\">VER M\u00c1S: Una atajada de Guillermo Ochoa evita derrota del Standard de Lieja<\/a><\/span><\/p>\n<p>El <strong>Betis<\/strong> recuper\u00f3 el bal\u00f3n al comienzo del segundo tiempo, aunque no logr\u00f3 tener profundidad, por lo que el encuentro se nivel\u00f3 sin que ninguno de los dos equipos lograra imponerse de forma clara ante su rival, aunque una llegada en solitario de Tello (m.59) fue neutralizada por Barbosa en la primera ocasi\u00f3n del segundo tiempo.<\/p>\n<p>Fue muy poco despu\u00e9s, en la segunda ocasi\u00f3n de este periodo, cuando Castillejo, con un disparo muy colocado, dio la vuelta al marcador para el equipo de Fran Escrib\u00e1.<\/p>\n<p>El partido perdi\u00f3 ritmo, ya que el <strong>Villarreal<\/strong> decidi\u00f3 controlar el bal\u00f3n y el <strong>Betis<\/strong> no encontraba la forma de hacer da\u00f1o a su rival y, a un cuarto de hora del final, el t\u00e9cnico forastero, Quique Seti\u00e9n, dio entrada al mexicano <strong>Andr\u00e9s Guardado<\/strong> para que se equipo fuera m\u00e1s ofensivo.<\/p>\n<p>https:\/\/twitter.com\/RealBetis\/status\/906974712277979136<\/p>\n<p>Sin embargo, el Villarreal ratific\u00f3 su mejor\u00eda con el tercer gol logrado por \u00dcnal, que se estren\u00f3 como goleador en el f\u00fatbol espa\u00f1ol, al resolver una gran jugada colectiva de su equipo con la que sentenci\u00f3 el partido.<\/p>\n","protected":false},"excerpt":{"rendered":"<p>El mexicano ingres\u00f3 de cambio al 74&#8242;.<\/p>\n","protected":false},"author":129,"featured_media":498863,"comment_status":"closed","ping_status":"closed","sticky":false,"template":"","format":"standard","meta":[],"categories":[3839,3844,6718],"tags":[6046,1804,6214,1913],"_links":{"self":[{"href":"http:\/\/desarrollo.grupomedios.com\/futbol\/wp-json\/wp\/v2\/posts\/499252"}],"collection":[{"href":"http:\/\/desarrollo.grupomedios.com\/futbol\/wp-json\/wp\/v2\/posts"}],"about":[{"href":"http:\/\/desarrollo.grupomedios.com\/futbol\/wp-json\/wp\/v2\/types\/post"}],"author":[{"embeddable":true,"href":"http:\/\/desarrollo.grupomedios.com\/futbol\/wp-json\/wp\/v2\/users\/129"}],"replies":[{"embeddable":true,"href":"http:\/\/desarrollo.grupomedios.com\/futbol\/wp-json\/wp\/v2\/comments?post=499252"}],"version-history":[{"count":1,"href":"http:\/\/desarrollo.grupomedios.com\/futbol\/wp-json\/wp\/v2\/posts\/499252\/revisions"}],"predecessor-version":[{"id":499253,"href":"http:\/\/desarrollo.grupomedios.com\/futbol\/wp-json\/wp\/v2\/posts\/499252\/revisions\/499253"}],"wp:featuredmedia":[{"embeddable":true,"href":"http:\/\/desarrollo.grupomedios.com\/futbol\/wp-json\/wp\/v2\/media\/498863"}],"wp:attachment":[{"href":"http:\/\/desarrollo.grupomedios.com\/futbol\/wp-json\/wp\/v2\/media?parent=499252"}],"wp:term":[{"taxonomy":"category","embeddable":true,"href":"http:\/\/desarrollo.grupomedios.com\/futbol\/wp-json\/wp\/v2\/categories?post=499252"},{"taxonomy":"post_tag","embeddable":true,"href":"http:\/\/desarrollo.grupomedios.com\/futbol\/wp-json\/wp\/v2\/tags?post=499252"}],"curies":[{"name":"wp","href":"https:\/\/api.w.org\/{rel}","templated":true}]}}