{"id":499261,"date":"2017-09-10T17:32:14","date_gmt":"2017-09-10T22:32:14","guid":{"rendered":"https:\/\/www.futboltotal.com.mx\/?p=499261"},"modified":"2017-09-10T17:32:14","modified_gmt":"2017-09-10T22:32:14","slug":"puebla-convoca-a-donar-viveres","status":"publish","type":"post","link":"http:\/\/desarrollo.grupomedios.com\/futbol\/futbol-mexicano\/puebla-convoca-a-donar-viveres\/2017\/09","title":{"rendered":"Puebla convoca a donar v\u00edveres"},"content":{"rendered":"<p>El f\u00fatbol une a millones de personas que aman al deporte pero tambi\u00e9n unos mismos colores, el f\u00fatbol llena de pasi\u00f3n y alegr\u00eda a millones que semana con semana esperan paranpoder ver 90 minutos de su deporte favorito.<\/p>\n<p>Sin embargo, el deporte es algo que va m\u00e1s all\u00e1 de simplemente eso, cuando las desgracias ocurren, en <strong>M\u00e9xico<\/strong> todos se unen para controrrestar esos malos momentos.<\/p>\n<p>La semana pasada, el jueves, un terremoto atac\u00f3 nuestro pa\u00eds dejando a <strong>Chiapas<\/strong> pero sobre todo <strong>Oaxaca<\/strong> en ruinas.<\/p>\n<p style=\"text-align: center;\"><span style=\"color: #333399;\"><a style=\"color: #333399;\" href=\"https:\/\/www.futboltotal.com.mx\/2017\/09\/bou-el-delantero-que-hace-olvidar-a-dayro\/\" target=\"_blank\" rel=\"noopener noreferrer\">VER M\u00c1S: Bou con la mecha encendida<\/a><\/span><\/p>\n<p>Es por eso que jugadores, directivos y clubes se han unido en una campa\u00f1a de solidaridad para apoyar a los afectados, el m\u00e1s reciente en unirse es el <strong>Puebla<\/strong> qui\u00e9n convocado a la gente de aquel estado, a unirse y cooperar para llevar v\u00edveres a la gente que lo necesita.<\/p>\n<p>https:\/\/twitter.com\/ClubPueblaMX\/status\/906962376272089093<\/p>\n<p>As\u00ed se unen a <strong>Javier Aquino, Gignac<\/strong>, entre otros que se han preocupado por ayudar por sentido humano, m\u00e1s all\u00e1 de los colores.<\/p>\n","protected":false},"excerpt":{"rendered":"<p>La franja recibir\u00e1 los v\u00edveres en el Estadio Cuauht\u00e9moc.<\/p>\n","protected":false},"author":20,"featured_media":499262,"comment_status":"closed","ping_status":"closed","sticky":false,"template":"","format":"standard","meta":[],"categories":[2198,3845],"tags":[10158,64,5969,10153,10159],"_links":{"self":[{"href":"http:\/\/desarrollo.grupomedios.com\/futbol\/wp-json\/wp\/v2\/posts\/499261"}],"collection":[{"href":"http:\/\/desarrollo.grupomedios.com\/futbol\/wp-json\/wp\/v2\/posts"}],"about":[{"href":"http:\/\/desarrollo.grupomedios.com\/futbol\/wp-json\/wp\/v2\/types\/post"}],"author":[{"embeddable":true,"href":"http:\/\/desarrollo.grupomedios.com\/futbol\/wp-json\/wp\/v2\/users\/20"}],"replies":[{"embeddable":true,"href":"http:\/\/desarrollo.grupomedios.com\/futbol\/wp-json\/wp\/v2\/comments?post=499261"}],"version-history":[{"count":1,"href":"http:\/\/desarrollo.grupomedios.com\/futbol\/wp-json\/wp\/v2\/posts\/499261\/revisions"}],"predecessor-version":[{"id":499264,"href":"http:\/\/desarrollo.grupomedios.com\/futbol\/wp-json\/wp\/v2\/posts\/499261\/revisions\/499264"}],"wp:featuredmedia":[{"embeddable":true,"href":"http:\/\/desarrollo.grupomedios.com\/futbol\/wp-json\/wp\/v2\/media\/499262"}],"wp:attachment":[{"href":"http:\/\/desarrollo.grupomedios.com\/futbol\/wp-json\/wp\/v2\/media?parent=499261"}],"wp:term":[{"taxonomy":"category","embeddable":true,"href":"http:\/\/desarrollo.grupomedios.com\/futbol\/wp-json\/wp\/v2\/categories?post=499261"},{"taxonomy":"post_tag","embeddable":true,"href":"http:\/\/desarrollo.grupomedios.com\/futbol\/wp-json\/wp\/v2\/tags?post=499261"}],"curies":[{"name":"wp","href":"https:\/\/api.w.org\/{rel}","templated":true}]}}