{"id":499305,"date":"2017-09-10T21:00:18","date_gmt":"2017-09-11T02:00:18","guid":{"rendered":"https:\/\/www.futboltotal.com.mx\/?p=499305"},"modified":"2017-09-10T21:00:18","modified_gmt":"2017-09-11T02:00:18","slug":"cubo-torres-trolleo-a-machado-regalo-la-ultima-coca-del-desierto","status":"publish","type":"post","link":"http:\/\/desarrollo.grupomedios.com\/futbol\/futbol-mexicano\/cubo-torres-trolleo-a-machado-regalo-la-ultima-coca-del-desierto\/2017\/09","title":{"rendered":"Cubo Torres trolle\u00f3 a Machado y regal\u00f3 &#8216;la \u00faltima coca del desierto&#8217;"},"content":{"rendered":"<p>El <strong>Cubo Torres<\/strong> , delantero del <strong>Hoston Dynamo<\/strong>, se encarg\u00f3 de trollear al defensa paname\u00f1o, <strong>Adolfo Machado<\/strong>, quien<span style=\"color: #3366ff;\"><a style=\"color: #3366ff;\" href=\"https:\/\/www.futboltotal.com.mx\/2017\/08\/jugador-panameno-dice-mexico-es-equipo-sobrevalorado\/\" target=\"_blank\" rel=\"noopener noreferrer\"> previ\u00f3 al partido entre su selecci\u00f3n y M\u00e9xico calent\u00f3 el partido<\/a><\/span>.<\/p>\n<p>Hace unos d\u00edas, el canalero <strong>Machado<\/strong> declar\u00f3 antes del partido del Hexagonal Final entre el Tri y Panam\u00e1 que el combinado verde &#8220;se siente la \u00faltima Coca Cola del desierto&#8221; y asegur\u00f3 que su equipo dar\u00eda un susto en el Azteca, aunque<span style=\"color: #3366ff;\"><a style=\"color: #3366ff;\" href=\"https:\/\/www.futboltotal.com.mx\/2017\/09\/201709cronica-resultados-mexico-1-0-panama-hexagonal-final\/\" target=\"_blank\" rel=\"noopener noreferrer\"> M\u00e9xico se llev\u00f3 el triunfo<\/a><\/span>.<\/p>\n<p>Es por ello que el <strong>Cubo Torres<\/strong> decidi\u00f3 darle un &#8220;regalito&#8221; y se le ocurri\u00f3 la ingeniosa idea\u00a0de regalarle a su compa\u00f1ero en el <strong>Houston Dynamo<\/strong> &#8220;la \u00faltima Coca del desierto&#8221;, as\u00ed lo comparti\u00f3 en una Instagram Story.<\/p>\n<p style=\"text-align: center;\"><span style=\"color: #3366ff;\"><a style=\"color: #3366ff;\" href=\"https:\/\/www.futboltotal.com.mx\/2017\/09\/asi-se-agarraron-a-golpes-aficionados-pachuca-chivas\/\">VER M\u00c1S: As\u00ed se agarraron a golpes aficionados de Pachuca y Chivas<\/a><\/span><\/p>\n<p><img decoding=\"async\" class=\"aligncenter\" src=\"https:\/\/cdn.expansion.mx\/dims4\/default\/7fdf9ee\/2147483647\/resize\/800x%3E\/quality\/75\/?url=https%3A%2F%2Fcdn.expansion.mx%2F0d%2F38%2F419d8970431ca01f43821d63fa89%2F10.jpg\" alt=\"Publicaci\u00f3n del Cubo Torres con &quot;la \u00faltima Coca del desierto&quot;.\" \/><\/p>\n","protected":false},"excerpt":{"rendered":"<p>El mexicano le jug\u00f3 una divertida broma al paname\u00f1o.<\/p>\n","protected":false},"author":20,"featured_media":468066,"comment_status":"closed","ping_status":"closed","sticky":false,"template":"","format":"standard","meta":[],"categories":[5419,2198],"tags":[4274,65,625],"_links":{"self":[{"href":"http:\/\/desarrollo.grupomedios.com\/futbol\/wp-json\/wp\/v2\/posts\/499305"}],"collection":[{"href":"http:\/\/desarrollo.grupomedios.com\/futbol\/wp-json\/wp\/v2\/posts"}],"about":[{"href":"http:\/\/desarrollo.grupomedios.com\/futbol\/wp-json\/wp\/v2\/types\/post"}],"author":[{"embeddable":true,"href":"http:\/\/desarrollo.grupomedios.com\/futbol\/wp-json\/wp\/v2\/users\/20"}],"replies":[{"embeddable":true,"href":"http:\/\/desarrollo.grupomedios.com\/futbol\/wp-json\/wp\/v2\/comments?post=499305"}],"version-history":[{"count":1,"href":"http:\/\/desarrollo.grupomedios.com\/futbol\/wp-json\/wp\/v2\/posts\/499305\/revisions"}],"predecessor-version":[{"id":499311,"href":"http:\/\/desarrollo.grupomedios.com\/futbol\/wp-json\/wp\/v2\/posts\/499305\/revisions\/499311"}],"wp:featuredmedia":[{"embeddable":true,"href":"http:\/\/desarrollo.grupomedios.com\/futbol\/wp-json\/wp\/v2\/media\/468066"}],"wp:attachment":[{"href":"http:\/\/desarrollo.grupomedios.com\/futbol\/wp-json\/wp\/v2\/media?parent=499305"}],"wp:term":[{"taxonomy":"category","embeddable":true,"href":"http:\/\/desarrollo.grupomedios.com\/futbol\/wp-json\/wp\/v2\/categories?post=499305"},{"taxonomy":"post_tag","embeddable":true,"href":"http:\/\/desarrollo.grupomedios.com\/futbol\/wp-json\/wp\/v2\/tags?post=499305"}],"curies":[{"name":"wp","href":"https:\/\/api.w.org\/{rel}","templated":true}]}}