{"id":499361,"date":"2017-09-11T12:26:25","date_gmt":"2017-09-11T17:26:25","guid":{"rendered":"https:\/\/www.futboltotal.com.mx\/?p=499361"},"modified":"2017-09-11T12:26:25","modified_gmt":"2017-09-11T17:26:25","slug":"revelan-video-la-audiencia-cristiano-en-tribunal","status":"publish","type":"post","link":"http:\/\/desarrollo.grupomedios.com\/futbol\/futbol-internacional\/revelan-video-la-audiencia-cristiano-en-tribunal\/2017\/09","title":{"rendered":"Revelan video de la audiencia de Cristiano en el Tribunal"},"content":{"rendered":"<p>A principios del mes de agosto, <strong>Cristiano Ronaldo<\/strong> fue citado para declarar por un supuesto fraude fiscal ante la Hacienda espa\u00f1ola por m\u00e1s de 14 millones de euros.<\/p>\n<p>Luego de la audiencia, se especul\u00f3 sobre las declaraciones que el portugu\u00e9s hab\u00eda hecho , en donde seg\u00fan hab\u00eda pedido salir de Espa\u00f1a debido al mal trato que ha tenido y su deseo era regresar a Inglaterra.<\/p>\n<p>Ahora se ha revelado un video donde aparece <strong>Cristiano<\/strong> respondiendo a todas las preguntas que la jueza le hace, donde es tratado como una persona m\u00e1s y con dureza.<\/p>\n<p style=\"text-align: center;\"><span style=\"color: #3366ff;\"><a style=\"color: #3366ff;\" href=\"https:\/\/www.futboltotal.com.mx\/2017\/09\/barcelona-explica-donde-jugara-cataluna-se-independiza\/\">VER M\u00c1S: Barcelona explica d\u00f3nde jugar\u00e1 si Catalu\u00f1a se independiza<\/a><\/span><\/p>\n<p><iframe loading=\"lazy\" src=\"https:\/\/www.youtube.com\/embed\/oj49Ud9yPhY?feature=oembed\" frameborder=\"0\" allowfullscreen><\/iframe><\/p>\n","protected":false},"excerpt":{"rendered":"<p>As\u00ed fue la audiencia del portugu\u00e9s.<\/p>\n","protected":false},"author":20,"featured_media":494224,"comment_status":"closed","ping_status":"closed","sticky":false,"template":"","format":"standard","meta":[],"categories":[3839,3844],"tags":[6013,253,5988],"_links":{"self":[{"href":"http:\/\/desarrollo.grupomedios.com\/futbol\/wp-json\/wp\/v2\/posts\/499361"}],"collection":[{"href":"http:\/\/desarrollo.grupomedios.com\/futbol\/wp-json\/wp\/v2\/posts"}],"about":[{"href":"http:\/\/desarrollo.grupomedios.com\/futbol\/wp-json\/wp\/v2\/types\/post"}],"author":[{"embeddable":true,"href":"http:\/\/desarrollo.grupomedios.com\/futbol\/wp-json\/wp\/v2\/users\/20"}],"replies":[{"embeddable":true,"href":"http:\/\/desarrollo.grupomedios.com\/futbol\/wp-json\/wp\/v2\/comments?post=499361"}],"version-history":[{"count":2,"href":"http:\/\/desarrollo.grupomedios.com\/futbol\/wp-json\/wp\/v2\/posts\/499361\/revisions"}],"predecessor-version":[{"id":499363,"href":"http:\/\/desarrollo.grupomedios.com\/futbol\/wp-json\/wp\/v2\/posts\/499361\/revisions\/499363"}],"wp:featuredmedia":[{"embeddable":true,"href":"http:\/\/desarrollo.grupomedios.com\/futbol\/wp-json\/wp\/v2\/media\/494224"}],"wp:attachment":[{"href":"http:\/\/desarrollo.grupomedios.com\/futbol\/wp-json\/wp\/v2\/media?parent=499361"}],"wp:term":[{"taxonomy":"category","embeddable":true,"href":"http:\/\/desarrollo.grupomedios.com\/futbol\/wp-json\/wp\/v2\/categories?post=499361"},{"taxonomy":"post_tag","embeddable":true,"href":"http:\/\/desarrollo.grupomedios.com\/futbol\/wp-json\/wp\/v2\/tags?post=499361"}],"curies":[{"name":"wp","href":"https:\/\/api.w.org\/{rel}","templated":true}]}}