{"id":499403,"date":"2017-09-12T13:00:36","date_gmt":"2017-09-12T18:00:36","guid":{"rendered":"https:\/\/www.futboltotal.com.mx\/?p=499403"},"modified":"2017-09-12T15:50:10","modified_gmt":"2017-09-12T20:50:10","slug":"201709celtic-vs-psg-se-presenta-el-millonario-del-futbol","status":"publish","type":"post","link":"http:\/\/desarrollo.grupomedios.com\/futbol\/futbol-internacional\/201709celtic-vs-psg-se-presenta-el-millonario-del-futbol\/2017\/09","title":{"rendered":"MINUTO A MINUTO | Celtic vs PSG | Champions League"},"content":{"rendered":"<p style=\"text-align: left;\"><iframe src=\"https:\/\/en-vivo.futboltotal.com.mx\/embed.php\/?id=276\" width=\"100%\" id=\"frame_minuto\"><\/iframe><\/p>\n<p>Este martes arranca la actividad de la <strong>Champions League<\/strong>, en Glasgow, el modesto <strong>Celtic<\/strong> tendr\u00e1 una de las m\u00e1s dif\u00edciles pruebas en su historia en este torneo, enfrentar\u00e1 a un renovado y millonario <strong>PSG<\/strong> que buscar\u00e1 rendir frutos tras la gran inversi\u00f3n que hicieron en el mercado de fichajes.<\/p>\n<p>El Celtic buscar\u00e1 con un modesto equipo comenzar a forjar su camino para acceder a los octavos de final a los que no acceden desde el 2013.<\/p>\n<p style=\"text-align: center;\"><span style=\"color: #333399;\"><a style=\"color: #333399;\" href=\"https:\/\/www.futboltotal.com.mx\/2017\/09\/west-ham-chicharito-resucitan-en-la-premier-league\/\" target=\"_blank\" rel=\"noopener noreferrer\">VER M\u00c1S: Triunfo del West Ham en la Premier<\/a><\/span><\/p>\n<p>Por otra parte los parisinos con <strong>Unai Emery<\/strong> en el banquillo, est\u00e1n obligados a ganar la Champions, el primer paso ser\u00e1 enfrentar a los escoceses. Hace su primera aparici\u00f3n internacional el aniquilador tridente representado por Kylian <strong>Mbapp\u00e9<\/strong>, <strong>Neymar<\/strong> Jr. y Edinson <strong>Cavani<\/strong> que buscar\u00e1n mostrar su poder\u00edo.<\/p>\n<p>El PSG no contar\u00e1 con la presencia de \u00c1ngel <strong>Di Mar\u00eda<\/strong> ni de Javier <strong>Pastore<\/strong> que son baja por lesi\u00f3n tras disputar la fecha FIFA en las eliminatorias de Conmebol con Argentina.<\/p>\n<p>&nbsp;<\/p>\n","protected":false},"excerpt":{"rendered":"<p>El PSG presentar\u00e1 su mortal tridente ante un modesto equipo escoc\u00e9s.<\/p>\n","protected":false},"author":20,"featured_media":499579,"comment_status":"closed","ping_status":"closed","sticky":false,"template":"","format":"standard","meta":[],"categories":[3841,3839],"tags":[2024,97,114],"_links":{"self":[{"href":"http:\/\/desarrollo.grupomedios.com\/futbol\/wp-json\/wp\/v2\/posts\/499403"}],"collection":[{"href":"http:\/\/desarrollo.grupomedios.com\/futbol\/wp-json\/wp\/v2\/posts"}],"about":[{"href":"http:\/\/desarrollo.grupomedios.com\/futbol\/wp-json\/wp\/v2\/types\/post"}],"author":[{"embeddable":true,"href":"http:\/\/desarrollo.grupomedios.com\/futbol\/wp-json\/wp\/v2\/users\/20"}],"replies":[{"embeddable":true,"href":"http:\/\/desarrollo.grupomedios.com\/futbol\/wp-json\/wp\/v2\/comments?post=499403"}],"version-history":[{"count":9,"href":"http:\/\/desarrollo.grupomedios.com\/futbol\/wp-json\/wp\/v2\/posts\/499403\/revisions"}],"predecessor-version":[{"id":499570,"href":"http:\/\/desarrollo.grupomedios.com\/futbol\/wp-json\/wp\/v2\/posts\/499403\/revisions\/499570"}],"wp:featuredmedia":[{"embeddable":true,"href":"http:\/\/desarrollo.grupomedios.com\/futbol\/wp-json\/wp\/v2\/media\/499579"}],"wp:attachment":[{"href":"http:\/\/desarrollo.grupomedios.com\/futbol\/wp-json\/wp\/v2\/media?parent=499403"}],"wp:term":[{"taxonomy":"category","embeddable":true,"href":"http:\/\/desarrollo.grupomedios.com\/futbol\/wp-json\/wp\/v2\/categories?post=499403"},{"taxonomy":"post_tag","embeddable":true,"href":"http:\/\/desarrollo.grupomedios.com\/futbol\/wp-json\/wp\/v2\/tags?post=499403"}],"curies":[{"name":"wp","href":"https:\/\/api.w.org\/{rel}","templated":true}]}}