{"id":499433,"date":"2017-09-11T17:23:18","date_gmt":"2017-09-11T22:23:18","guid":{"rendered":"https:\/\/www.futboltotal.com.mx\/?p=499433"},"modified":"2017-09-11T17:23:18","modified_gmt":"2017-09-11T22:23:18","slug":"julio-cesar-chavez-presento-serie-autobiografica-tv","status":"publish","type":"post","link":"http:\/\/desarrollo.grupomedios.com\/futbol\/box\/julio-cesar-chavez-presento-serie-autobiografica-tv\/2017\/09","title":{"rendered":"Julio C\u00e9sar Ch\u00e1vez present\u00f3 su serie autobiogr\u00e1fica de TV"},"content":{"rendered":"<p>El ex pugilista <strong>Julio C\u00e9sar Ch\u00e1vez<\/strong>, gloria del boxeo mexicano, present\u00f3 su nueva serie autobiogr\u00e1fica la cual llevar\u00e1 por t\u00edtulo &#8220;<strong>El C\u00e9sar<\/strong>&#8220;, que\u00a0ser\u00e1 transmitida por televisi\u00f3n.<\/p>\n<p>El actor elegido para personificar a<em> J.C.<\/em> es\u00a0<strong>Armando Hern\u00e1ndez<\/strong>, aunque tambi\u00e9n veremos la faceta de <strong>Ch\u00e1vez<\/strong> desde su ni\u00f1ez hasta llegar a su vida actual.<\/p>\n<p style=\"text-align: center;\"><a href=\"https:\/\/www.futboltotal.com.mx\/2017\/09\/west-ham-chicharito-resucitan-en-la-premier-league\/\" target=\"_blank\" rel=\"noopener noreferrer\"><span style=\"color: #333399;\">VER M\u00c1S: West Ham y Chicharito resucitaron en la Premier League<\/span><\/a><\/p>\n<p>Dentro de todo lo que se pueda ver sobre la vida del otrora \u00eddolo del boxeo se tocar\u00e1n temas como los momentos m\u00e1s altos de su trayectoria, sin dejar de tocar sus problemas de adicciones, v\u00ednculos con el narcotr\u00e1fico y vida amorosa.<\/p>\n<p>&nbsp;<\/p>\n<blockquote class=\"twitter-video\" data-lang=\"es\">\n<p dir=\"ltr\" lang=\"es\">Conoce la historia del gran campe\u00f3n, Julio C\u00e9sar Ch\u00e1vez. <a href=\"https:\/\/twitter.com\/hashtag\/ElC%C3%A9sar?src=hash\">#ElC\u00e9sar<\/a> muy pronto por <a href=\"https:\/\/twitter.com\/Telemundo\">@Telemundo<\/a>. &#8211; <a href=\"https:\/\/twitter.com\/Jcchavez115\">@Jcchavez115<\/a> <a href=\"https:\/\/t.co\/QHKWl3TIAH\">pic.twitter.com\/QHKWl3TIAH<\/a><\/p>\n<p>\u2014 Telemundo Deportes (@TelemundoSports) <a href=\"https:\/\/twitter.com\/TelemundoSports\/status\/905263557704646657\">6 de septiembre de 2017<\/a><\/p><\/blockquote>\n<p><script async src=\"\/\/platform.twitter.com\/widgets.js\" charset=\"utf-8\"><\/script><\/p>\n<p>&#8220;Se me hizo un nudo en la garganta ahora que vi desde que era chico y cuando pasaron a mi hermano el <em>Borrego<\/em> me apechugu\u00e9 un poco&#8221;, declar\u00f3 un conmovido <strong>Ch\u00e1vez<\/strong>.<\/p>\n<p>&#8220;No se confundan, es cierto que tuve amistad con narcotraficantes pero nunca me dediqu\u00e9 a eso, son cosas my diferentes. Hay muchas cosas que van a estar un poco fuertes, pero es parte de esta serie que quise que saliera la verdad, habr\u00e1 cosas que le pondr\u00e1n un punto de m\u00e1s, que andaba con una y otra muchacha, eso es mentira, s\u00ed anduve, pero no tanto como saldr\u00e1 ah\u00ed\u201d, dijo Julio.<\/p>\n<p>Por su parte, Armando Hern\u00e1ndez se mostr\u00f3 honrado de ser quien dio vida al papel de <strong>Ch\u00e1vez<\/strong> en esta serie que se estrenar\u00e1 el pr\u00f3ximo 18 de septiembre por el canal de paga Space.<\/p>\n<p>&#8220;Gracias por dejarme interpretar esta serie y me siento muy afortunado de hacer este papel del gran campe\u00f3n del boxeo mexicano. Fueron meses de estudiar mucho a Julio, su forma de hablar, de ser y de boxear, de hecho estuve seis meses entrenando y haciendo una vida de boxeador para llevar a buen puerto el papel&#8221;, \u00a0declar\u00f3 el actor.<\/p>\n","protected":false},"excerpt":{"rendered":"<p>Emocionado, el C\u00e9sar del Boxeo fue acompa\u00f1ado por los actores de la serie.<\/p>\n","protected":false},"author":20,"featured_media":499435,"comment_status":"closed","ping_status":"closed","sticky":false,"template":"","format":"standard","meta":[],"categories":[6282,6411],"tags":[5936,10177,7820],"_links":{"self":[{"href":"http:\/\/desarrollo.grupomedios.com\/futbol\/wp-json\/wp\/v2\/posts\/499433"}],"collection":[{"href":"http:\/\/desarrollo.grupomedios.com\/futbol\/wp-json\/wp\/v2\/posts"}],"about":[{"href":"http:\/\/desarrollo.grupomedios.com\/futbol\/wp-json\/wp\/v2\/types\/post"}],"author":[{"embeddable":true,"href":"http:\/\/desarrollo.grupomedios.com\/futbol\/wp-json\/wp\/v2\/users\/20"}],"replies":[{"embeddable":true,"href":"http:\/\/desarrollo.grupomedios.com\/futbol\/wp-json\/wp\/v2\/comments?post=499433"}],"version-history":[{"count":1,"href":"http:\/\/desarrollo.grupomedios.com\/futbol\/wp-json\/wp\/v2\/posts\/499433\/revisions"}],"predecessor-version":[{"id":499441,"href":"http:\/\/desarrollo.grupomedios.com\/futbol\/wp-json\/wp\/v2\/posts\/499433\/revisions\/499441"}],"wp:featuredmedia":[{"embeddable":true,"href":"http:\/\/desarrollo.grupomedios.com\/futbol\/wp-json\/wp\/v2\/media\/499435"}],"wp:attachment":[{"href":"http:\/\/desarrollo.grupomedios.com\/futbol\/wp-json\/wp\/v2\/media?parent=499433"}],"wp:term":[{"taxonomy":"category","embeddable":true,"href":"http:\/\/desarrollo.grupomedios.com\/futbol\/wp-json\/wp\/v2\/categories?post=499433"},{"taxonomy":"post_tag","embeddable":true,"href":"http:\/\/desarrollo.grupomedios.com\/futbol\/wp-json\/wp\/v2\/tags?post=499433"}],"curies":[{"name":"wp","href":"https:\/\/api.w.org\/{rel}","templated":true}]}}