{"id":499456,"date":"2017-09-11T21:11:27","date_gmt":"2017-09-12T02:11:27","guid":{"rendered":"https:\/\/www.futboltotal.com.mx\/?p=499456"},"modified":"2017-09-11T21:11:27","modified_gmt":"2017-09-12T02:11:27","slug":"rafa-marquez-se-entrena-vuelta-a-las-canchas","status":"publish","type":"post","link":"http:\/\/desarrollo.grupomedios.com\/futbol\/futbol-mexicano\/rafa-marquez-se-entrena-vuelta-a-las-canchas\/2017\/09","title":{"rendered":"Rafa M\u00e1rquez se entrena para su vuelta a las canchas"},"content":{"rendered":"<p>El defensor mexicano <strong>Rafael M\u00e1rquez<\/strong> no deja de buscar mantenerse en condici\u00f3n para el momento en el que regrese a las canchas, luego de sus problemas con la justicia estadounidense tras ser vinculado con el narcotr\u00e1fico.<\/p>\n<p>Por medio de redes sociales, el veterano jugador del <strong>Atlas<\/strong> ha mostrado que sigue trabajando para estar a tono f\u00edsico una vez que su estatus legal se regularice.<\/p>\n<p style=\"text-align: center;\"><a href=\"https:\/\/www.futboltotal.com.mx\/2017\/09\/west-ham-chicharito-resucitan-en-la-premier-league\/\" target=\"_blank\" rel=\"noopener noreferrer\"><span style=\"color: #333399;\">VER M\u00c1S: West Ham y Chicharito resucitaron en la Premier League<\/span><\/a><\/p>\n<p>Primero fue su esposa, la modelo <strong>Jaydy Michel<\/strong>, quien public\u00f3 un video de\u00a0<strong>M\u00e1rquez <\/strong>realizando un circuito de ejercicios, junto con la frase: &#8220;Un l\u00edder siempre est\u00e1 dando lo mejor de s\u00ed y con la mejor <s>#<\/s><b>4ctitud<\/b> por eso te admiro y te respeto: #MiAmor&#8221;.<\/p>\n<p>&nbsp;<\/p>\n<blockquote class=\"twitter-video\" data-lang=\"es\">\n<p dir=\"ltr\" lang=\"es\">Un l\u00edder siempre est\u00e1 dando lo mejor de s\u00ed y con la mejor <a href=\"https:\/\/twitter.com\/hashtag\/4ctitud?src=hash\">#4ctitud<\/a> por eso te admiro y te respeto: <a href=\"https:\/\/twitter.com\/hashtag\/MiAmor?src=hash\">#MiAmor<\/a> <a href=\"https:\/\/twitter.com\/RafaMarquezMX\">@RafaMarquezMX<\/a> <a href=\"https:\/\/t.co\/kxmlJhBC2j\">pic.twitter.com\/kxmlJhBC2j<\/a><\/p>\n<p>\u2014 Jaydy Michel (@Jaydy_Michel) <a href=\"https:\/\/twitter.com\/Jaydy_Michel\/status\/907345136136347648\">11 de septiembre de 2017<\/a><\/p><\/blockquote>\n<p><script async src=\"\/\/platform.twitter.com\/widgets.js\" charset=\"utf-8\"><\/script><\/p>\n<p>Minutos despu\u00e9s fue el turno del tambi\u00e9n seleccionado mexicano, quien mostr\u00f3 un video de la misma sesi\u00f3n acompa\u00f1ado por la leyenda: &#8220;AUTODISCIPLINA&#8221; Es una de las claves para lograr todo en la vida, hacer lo que toque hacer as\u00ed no est\u00e9s de \u00e1nimo para a hacerlo, <s>#<\/s><b>4ctitud<\/b>&#8220;.<\/p>\n<p>&nbsp;<\/p>\n<blockquote class=\"twitter-video\" data-lang=\"es\">\n<p dir=\"ltr\" lang=\"es\">&#8220;AUTODISCIPLINA&#8221; Es una de las claves para lograr todo en la vida, hacer lo que toque hacer as\u00ed no est\u00e9s de \u00e1nimo para a hacerlo, <a href=\"https:\/\/twitter.com\/hashtag\/4ctitud?src=hash\">#4ctitud<\/a> <a href=\"https:\/\/t.co\/LTfxOGgS6I\">pic.twitter.com\/LTfxOGgS6I<\/a><\/p>\n<p>\u2014 Rafa Marquez (@RafaMarquezMX) <a href=\"https:\/\/twitter.com\/RafaMarquezMX\/status\/907349493149982720\">11 de septiembre de 2017<\/a><\/p><\/blockquote>\n<p><script async src=\"\/\/platform.twitter.com\/widgets.js\" charset=\"utf-8\"><\/script><\/p>\n","protected":false},"excerpt":{"rendered":"<p>El veterano zaguero del Atlas comparti\u00f3 videos de su preparaci\u00f3n.<\/p>\n","protected":false},"author":20,"featured_media":475685,"comment_status":"closed","ping_status":"closed","sticky":false,"template":"","format":"standard","meta":[],"categories":[2198,3845],"tags":[5961,64,6033],"_links":{"self":[{"href":"http:\/\/desarrollo.grupomedios.com\/futbol\/wp-json\/wp\/v2\/posts\/499456"}],"collection":[{"href":"http:\/\/desarrollo.grupomedios.com\/futbol\/wp-json\/wp\/v2\/posts"}],"about":[{"href":"http:\/\/desarrollo.grupomedios.com\/futbol\/wp-json\/wp\/v2\/types\/post"}],"author":[{"embeddable":true,"href":"http:\/\/desarrollo.grupomedios.com\/futbol\/wp-json\/wp\/v2\/users\/20"}],"replies":[{"embeddable":true,"href":"http:\/\/desarrollo.grupomedios.com\/futbol\/wp-json\/wp\/v2\/comments?post=499456"}],"version-history":[{"count":1,"href":"http:\/\/desarrollo.grupomedios.com\/futbol\/wp-json\/wp\/v2\/posts\/499456\/revisions"}],"predecessor-version":[{"id":499457,"href":"http:\/\/desarrollo.grupomedios.com\/futbol\/wp-json\/wp\/v2\/posts\/499456\/revisions\/499457"}],"wp:featuredmedia":[{"embeddable":true,"href":"http:\/\/desarrollo.grupomedios.com\/futbol\/wp-json\/wp\/v2\/media\/475685"}],"wp:attachment":[{"href":"http:\/\/desarrollo.grupomedios.com\/futbol\/wp-json\/wp\/v2\/media?parent=499456"}],"wp:term":[{"taxonomy":"category","embeddable":true,"href":"http:\/\/desarrollo.grupomedios.com\/futbol\/wp-json\/wp\/v2\/categories?post=499456"},{"taxonomy":"post_tag","embeddable":true,"href":"http:\/\/desarrollo.grupomedios.com\/futbol\/wp-json\/wp\/v2\/tags?post=499456"}],"curies":[{"name":"wp","href":"https:\/\/api.w.org\/{rel}","templated":true}]}}