{"id":499468,"date":"2017-09-12T08:48:09","date_gmt":"2017-09-12T13:48:09","guid":{"rendered":"https:\/\/www.futboltotal.com.mx\/?p=499468"},"modified":"2017-09-12T08:48:09","modified_gmt":"2017-09-12T13:48:09","slug":"chivas-busca-a-hombre-rescato-bandera-mexico-en-oaxaca","status":"publish","type":"post","link":"http:\/\/desarrollo.grupomedios.com\/futbol\/cambio-de-juego\/chivas-busca-a-hombre-rescato-bandera-mexico-en-oaxaca\/2017\/09","title":{"rendered":"Chivas busca a hombre que rescat\u00f3 bandera de M\u00e9xico en Oaxaca"},"content":{"rendered":"<p><strong>Chivas<\/strong> est\u00e1 en busca del hombre que, luego del temblor de <strong>8.2 grados<\/strong> que se vivi\u00f3 el <strong>7 de septiembre<\/strong>, tom\u00f3 la bandera de los escombros en el<strong>\u00a0Palacio Municipal de Juchit\u00e1n<\/strong> en Oaxaca para izarla .<\/p>\n<p><strong>\u00c1ngel S\u00e1nchez Santiago<\/strong>, es el nombre de la persona que hizo esta acci\u00f3n y a trav\u00e9s de redes sociales, Chivas est\u00e1 buscando contactar a la persona;<strong> &#8220;lo estamos buscando y necesitamos de su ayuda&#8221;<\/strong>.<\/p>\n<p style=\"text-align: center;\"><span style=\"color: #333399;\"><a style=\"color: #333399;\" href=\"https:\/\/www.futboltotal.com.mx\/2017\/09\/11-infame-la-jornada-8-del-apertura-2017\/\" target=\"_blank\" rel=\"noopener noreferrer\">VER M\u00c1S: El 11 infame de la Jornada 8 del Apertura 2017<\/a><\/span><\/p>\n<p>No se sabe cu\u00e1l es la raz\u00f3n o qu\u00e9 planean, pero seguramente depara un gran destino por exaltar su nacionalismo y amor por M\u00e9xico.<\/p>\n<blockquote class=\"twitter-tweet\" data-lang=\"es\">\n<p dir=\"ltr\" lang=\"es\">\u00bfConoces al hombre que erigi\u00f3 nuestra &#x1f1f2;&#x1f1fd;en Juchit\u00e1n o sabes c\u00f3mo encontrarlo? Lo estamos buscando y necesitamos de su ayuda, ChivaHermanos. <a href=\"https:\/\/t.co\/ruehsbSsTJ\">pic.twitter.com\/ruehsbSsTJ<\/a><\/p>\n<p>\u2014 CHIVAS (@Chivas) <a href=\"https:\/\/twitter.com\/Chivas\/status\/907399384316432384\">12 de septiembre de 2017<\/a><\/p><\/blockquote>\n<p><script async src=\"\/\/platform.twitter.com\/widgets.js\" charset=\"utf-8\"><\/script><\/p>\n<p style=\"text-align: center;\"><span style=\"color: #333399;\"><a style=\"color: #333399;\" href=\"https:\/\/www.futboltotal.com.mx\/2017\/09\/portero-manchester-city-muestra-herida-brutal-patada\/\" target=\"_blank\" rel=\"noopener noreferrer\">VER M\u00c1S: Portero de Manchester City muestra herida brutal tras patada<\/a><\/span><\/p>\n","protected":false},"excerpt":{"rendered":"<p>El Reba\u00f1o pidi\u00f3 ayuda para contactar al hombre<\/p>\n","protected":false},"author":20,"featured_media":493088,"comment_status":"closed","ping_status":"closed","sticky":false,"template":"","format":"standard","meta":[],"categories":[5419],"tags":[70,4192,758],"_links":{"self":[{"href":"http:\/\/desarrollo.grupomedios.com\/futbol\/wp-json\/wp\/v2\/posts\/499468"}],"collection":[{"href":"http:\/\/desarrollo.grupomedios.com\/futbol\/wp-json\/wp\/v2\/posts"}],"about":[{"href":"http:\/\/desarrollo.grupomedios.com\/futbol\/wp-json\/wp\/v2\/types\/post"}],"author":[{"embeddable":true,"href":"http:\/\/desarrollo.grupomedios.com\/futbol\/wp-json\/wp\/v2\/users\/20"}],"replies":[{"embeddable":true,"href":"http:\/\/desarrollo.grupomedios.com\/futbol\/wp-json\/wp\/v2\/comments?post=499468"}],"version-history":[{"count":1,"href":"http:\/\/desarrollo.grupomedios.com\/futbol\/wp-json\/wp\/v2\/posts\/499468\/revisions"}],"predecessor-version":[{"id":499472,"href":"http:\/\/desarrollo.grupomedios.com\/futbol\/wp-json\/wp\/v2\/posts\/499468\/revisions\/499472"}],"wp:featuredmedia":[{"embeddable":true,"href":"http:\/\/desarrollo.grupomedios.com\/futbol\/wp-json\/wp\/v2\/media\/493088"}],"wp:attachment":[{"href":"http:\/\/desarrollo.grupomedios.com\/futbol\/wp-json\/wp\/v2\/media?parent=499468"}],"wp:term":[{"taxonomy":"category","embeddable":true,"href":"http:\/\/desarrollo.grupomedios.com\/futbol\/wp-json\/wp\/v2\/categories?post=499468"},{"taxonomy":"post_tag","embeddable":true,"href":"http:\/\/desarrollo.grupomedios.com\/futbol\/wp-json\/wp\/v2\/tags?post=499468"}],"curies":[{"name":"wp","href":"https:\/\/api.w.org\/{rel}","templated":true}]}}