{"id":499483,"date":"2017-09-12T09:40:17","date_gmt":"2017-09-12T14:40:17","guid":{"rendered":"https:\/\/www.futboltotal.com.mx\/?p=499483"},"modified":"2017-09-12T09:40:17","modified_gmt":"2017-09-12T14:40:17","slug":"complicado-jugar-con-messi","status":"publish","type":"post","link":"http:\/\/desarrollo.grupomedios.com\/futbol\/futbol-internacional\/complicado-jugar-con-messi\/2017\/09","title":{"rendered":"Complicado jugar con Messi"},"content":{"rendered":"<p>Estar con el mejor jugador de mundo debe ser un gran honor y debe ser algo muy f\u00e1cil como lo han comentado en <strong>Barcelona<\/strong> los compa\u00f1eros que juegan lado a lado con Lionel <strong>Messi<\/strong>, sin embargo no todos los futbolistas que han jugado con\u00a0<em>la <strong>pulga<\/strong><\/em> piensan igual.<\/p>\n<p>En marco del duelo entre Barcelona y <strong>Juventus<\/strong>, <strong>Paulo<\/strong> <strong>Dybala<\/strong> fue cuestionado sobre su relaci\u00f3n con Lionel y reconoci\u00f3 que en la selecci\u00f3n le ha aprendido mucho por el gran jugador que\u00a0y todo lo que puede crecer a su lado aunque juegue en su posici\u00f3n, &#8220;\u00c9l juega en mi posici\u00f3n y puedo aprenderle muchas cosas, c\u00f3mo interpreta el juego, c\u00f3mo piensa, c\u00f3mo ve los movimientos de los compa\u00f1eros. Eso me puede ayudar mucho en el futuro. Es una suerte tenerlo al lado, me ayudar\u00e1 mucho en el futuro&#8221;, dijo el argentino.<\/p>\n<p>Pero tambi\u00e9n se refiri\u00f3 a la dificultad que tiene jugar con alguien tan vers\u00e1til como lo es Leo, &#8220;Es dif\u00edcil jugar con \u00e9l porque jugamos en la misma posici\u00f3n. Pero en todo caso me tengo que adaptar yo a \u00e9l y le tengo que hacer sentir c\u00f3modo, juego con \u00e9l en la selecci\u00f3n y es un gran placer hacerlo, con \u00e9l de compa\u00f1ero aprendo muchas cosas&#8221;.<\/p>\n<p style=\"text-align: center;\"><span style=\"color: #333399;\"><a style=\"color: #333399;\" href=\"https:\/\/www.futboltotal.com.mx\/2017\/09\/detienen-al-tecnico-irlanda-del-norte-conducir-bebido\/\" target=\"_blank\" rel=\"noopener noreferrer\">VER M\u00c1S: T\u00e9cnico detenido por manejar&#8230; \u00a1En estado de ebriedad!<\/a><\/span><\/p>\n<p>Adem\u00e1s se dijo muy contento por estar en la Juventus y el gran momento que est\u00e1 viviendo con el equipo de Tur\u00edn pero tambi\u00e9n entiende la gran responsabilidad que es portar el dorsal que le dieron a partir de esta campa\u00f1a pero no descarta salir de Italia en un futuro, &#8220;En la Juventus estoy muy bien y llevo la responsabilidad de un gran n\u00famero: el 10. No s\u00e9 qu\u00e9 pasar\u00e1 en el futuro.<\/p>\n<p>Finalmente se refiri\u00f3 al supuesto inter\u00e9s que medios espa\u00f1oles aseguraron el Bar\u00e7a ten\u00eda por \u00e9l y aunque la idea le entusiasma, no es una situaci\u00f3n que le haga obsesionarse; &#8220;En el futuro no s\u00e9. No s\u00e9 si hubo inter\u00e9s. A m\u00ed nadie me dijo nada, el club no se me acerc\u00f3, s\u00f3lo me dijeron que quieren que forme parte del proyecto. Hasta que la Juventus y el presidente me quieran yo estar\u00e9 aqu\u00ed&#8221;, finaliz\u00f3 el delantero de 23 a\u00f1os.<\/p>\n","protected":false},"excerpt":{"rendered":"<p>Para Paulo Dybala es extraordinario estar con Messi pero jugar la misma posici\u00f3n es complicado.<\/p>\n","protected":false},"author":20,"featured_media":499488,"comment_status":"closed","ping_status":"closed","sticky":false,"template":"","format":"standard","meta":[],"categories":[3839],"tags":[6012,6669],"_links":{"self":[{"href":"http:\/\/desarrollo.grupomedios.com\/futbol\/wp-json\/wp\/v2\/posts\/499483"}],"collection":[{"href":"http:\/\/desarrollo.grupomedios.com\/futbol\/wp-json\/wp\/v2\/posts"}],"about":[{"href":"http:\/\/desarrollo.grupomedios.com\/futbol\/wp-json\/wp\/v2\/types\/post"}],"author":[{"embeddable":true,"href":"http:\/\/desarrollo.grupomedios.com\/futbol\/wp-json\/wp\/v2\/users\/20"}],"replies":[{"embeddable":true,"href":"http:\/\/desarrollo.grupomedios.com\/futbol\/wp-json\/wp\/v2\/comments?post=499483"}],"version-history":[{"count":1,"href":"http:\/\/desarrollo.grupomedios.com\/futbol\/wp-json\/wp\/v2\/posts\/499483\/revisions"}],"predecessor-version":[{"id":499489,"href":"http:\/\/desarrollo.grupomedios.com\/futbol\/wp-json\/wp\/v2\/posts\/499483\/revisions\/499489"}],"wp:featuredmedia":[{"embeddable":true,"href":"http:\/\/desarrollo.grupomedios.com\/futbol\/wp-json\/wp\/v2\/media\/499488"}],"wp:attachment":[{"href":"http:\/\/desarrollo.grupomedios.com\/futbol\/wp-json\/wp\/v2\/media?parent=499483"}],"wp:term":[{"taxonomy":"category","embeddable":true,"href":"http:\/\/desarrollo.grupomedios.com\/futbol\/wp-json\/wp\/v2\/categories?post=499483"},{"taxonomy":"post_tag","embeddable":true,"href":"http:\/\/desarrollo.grupomedios.com\/futbol\/wp-json\/wp\/v2\/tags?post=499483"}],"curies":[{"name":"wp","href":"https:\/\/api.w.org\/{rel}","templated":true}]}}