{"id":499487,"date":"2017-09-12T10:18:11","date_gmt":"2017-09-12T15:18:11","guid":{"rendered":"https:\/\/www.futboltotal.com.mx\/?p=499487"},"modified":"2017-09-12T10:18:11","modified_gmt":"2017-09-12T15:18:11","slug":"carlos-vela-cerca-lograr-marca-historica-real-sociedad","status":"publish","type":"post","link":"http:\/\/desarrollo.grupomedios.com\/futbol\/futbol-internacional\/carlos-vela-cerca-lograr-marca-historica-real-sociedad\/2017\/09","title":{"rendered":"Carlos Vela, cerca de lograr marca hist\u00f3rica con Real Sociedad"},"content":{"rendered":"<p>El delantero <strong>Carlos Vela<\/strong> vive sus \u00faltimos meses como jugador de la <strong>Real Sociedad<\/strong> antes de pasar a ser futbolista del <strong>Los Angeles FC<\/strong> de la <strong>MLS<\/strong>, pero el mexicano sigue creciendo su leyenda con el cuadro vasco, ya que est\u00e1 a punto de lograr una marca hist\u00f3rica.<\/p>\n<p>En los pr\u00f3ximos d\u00edas, Vela se convertir\u00e1 en el segundo jugador extranjero con m\u00e1s partidos vistiendo la playera del equipo <em>Txuri-urdin<\/em> en caso de ver acci\u00f3n en la <strong>Europa League<\/strong> ante el <strong>Rosenborg<\/strong>, o d\u00edas despu\u00e9s en <strong>LaLiga<\/strong> ante el <strong>Real Madrid<\/strong>.<\/p>\n<p style=\"text-align: center;\"><a href=\"https:\/\/www.futboltotal.com.mx\/2017\/09\/cristian-domizzi-se-perfila-dt-pumas\/\" target=\"_blank\" rel=\"noopener noreferrer\"><span style=\"color: #333399;\">VER M\u00c1S: \u00bfTe acuerdas de Cristian Domizzi? Se perfila como t\u00e9cnico de Pumas<\/span><\/a><\/p>\n<p>En cualquiera de estas dos oportunidades, el <em>Bombardero<\/em> podr\u00e1 sumar\u00a0juego n\u00famero 237 para empatar en esa casilla al portero chileno <strong>Claudio Bravo<\/strong>, aunque a\u00fan qued\u00e1ndose lejos de la marca del serbio\u00a0<strong>Darko Kovacevic,<\/strong> quien alcanz\u00f3\u00a0286 partidos con la Real y es el l\u00edder entre los extranjeros.<\/p>\n<p>S\u00f3lo las lesiones ha podido evitar que el mexicano acumule m\u00e1s juegos con el equipo vasco, al que lleg\u00f3 en 2011 siendo cedido por el <strong>Arsenal<\/strong>, pero en 2012 el club espa\u00f1ol lo compr\u00f3.<\/p>\n<p>Tras seis a\u00f1os, <strong>Vela<\/strong> ya es un hist\u00f3rico de la <strong>Real Sociedad<\/strong> y busca elevar m\u00e1s sus logros con los <em>Txuri-urdin<\/em> antes de partir hacia Estados Unidos.<\/p>\n","protected":false},"excerpt":{"rendered":"<p>El mexicano podr\u00eda hacer historia ante el Rosenborg, o d\u00edas despu\u00e9s ante Real Madrid.<\/p>\n","protected":false},"author":20,"featured_media":496217,"comment_status":"closed","ping_status":"closed","sticky":false,"template":"","format":"standard","meta":[],"categories":[3839],"tags":[6048,8503,195,102],"_links":{"self":[{"href":"http:\/\/desarrollo.grupomedios.com\/futbol\/wp-json\/wp\/v2\/posts\/499487"}],"collection":[{"href":"http:\/\/desarrollo.grupomedios.com\/futbol\/wp-json\/wp\/v2\/posts"}],"about":[{"href":"http:\/\/desarrollo.grupomedios.com\/futbol\/wp-json\/wp\/v2\/types\/post"}],"author":[{"embeddable":true,"href":"http:\/\/desarrollo.grupomedios.com\/futbol\/wp-json\/wp\/v2\/users\/20"}],"replies":[{"embeddable":true,"href":"http:\/\/desarrollo.grupomedios.com\/futbol\/wp-json\/wp\/v2\/comments?post=499487"}],"version-history":[{"count":2,"href":"http:\/\/desarrollo.grupomedios.com\/futbol\/wp-json\/wp\/v2\/posts\/499487\/revisions"}],"predecessor-version":[{"id":499506,"href":"http:\/\/desarrollo.grupomedios.com\/futbol\/wp-json\/wp\/v2\/posts\/499487\/revisions\/499506"}],"wp:featuredmedia":[{"embeddable":true,"href":"http:\/\/desarrollo.grupomedios.com\/futbol\/wp-json\/wp\/v2\/media\/496217"}],"wp:attachment":[{"href":"http:\/\/desarrollo.grupomedios.com\/futbol\/wp-json\/wp\/v2\/media?parent=499487"}],"wp:term":[{"taxonomy":"category","embeddable":true,"href":"http:\/\/desarrollo.grupomedios.com\/futbol\/wp-json\/wp\/v2\/categories?post=499487"},{"taxonomy":"post_tag","embeddable":true,"href":"http:\/\/desarrollo.grupomedios.com\/futbol\/wp-json\/wp\/v2\/tags?post=499487"}],"curies":[{"name":"wp","href":"https:\/\/api.w.org\/{rel}","templated":true}]}}