{"id":499499,"date":"2017-09-12T10:10:08","date_gmt":"2017-09-12T15:10:08","guid":{"rendered":"https:\/\/www.futboltotal.com.mx\/?p=499499"},"modified":"2017-09-12T10:10:08","modified_gmt":"2017-09-12T15:10:08","slug":"patrice-evra-ayuda-a-los-mas-necesitados","status":"publish","type":"post","link":"http:\/\/desarrollo.grupomedios.com\/futbol\/futbol-internacional\/patrice-evra-ayuda-a-los-mas-necesitados\/2017\/09","title":{"rendered":"Patrice Evra ayuda a los m\u00e1s necesitados"},"content":{"rendered":"<p>El <strong>defensor<\/strong> <strong>franc\u00e9s<\/strong> que actualmente milita en el <strong>Olympique<\/strong> de <strong>Marsella<\/strong> se ha llevado los aplausos de todos los usuarios de redes sociales al dar a conocer un video donde reparte comida para la gente que no tiene un hogar en las calles de <strong>Francia<\/strong>.<\/p>\n<p>El video lo comparti\u00f3 a trav\u00e9s de su cuenta de <strong>Instagram<\/strong> y se le ve muy contento conviviendo y entreg\u00e1ndole comida a la gente que m\u00e1s lo necesita, situaci\u00f3n que ha hecho que la gente le aplauda el noble gesto que est\u00e1 teniendo.<\/p>\n<p>&nbsp;<\/p>\n<blockquote class=\"twitter-video\" data-lang=\"es\">\n<p dir=\"ltr\" lang=\"es\">As\u00ed pasa el lunes Patrice Evra. Repartiendo comida entre los m\u00e1s necesitados en Marsella. Peque\u00f1o gesto de grandeza.<a href=\"https:\/\/t.co\/kxTOboquwO\">pic.twitter.com\/kxTOboquwO<\/a><\/p>\n<p>\u2014 Juez Central (@Juezcentral) <a href=\"https:\/\/twitter.com\/Juezcentral\/status\/907418049334136832\">12 de septiembre de 2017<\/a><\/p><\/blockquote>\n<p><script async src=\"\/\/platform.twitter.com\/widgets.js\" charset=\"utf-8\"><\/script><\/p>\n<p>El mundo de f\u00fatbol est\u00e1 lleno de grandes gestos de afecto, amor, cari\u00f1o y solidaridad, futbolistas que ante tragedias naturales han aportado cantidades enormes de dinero, pero sin duda alguna <strong>Patrice Evra<\/strong>\u00a0ha dejado claro que no importa si no se donan millones; una simple comida puede alegrarle la vida a una persona.<\/p>\n<p style=\"text-align: center;\"><span style=\"color: #333399;\"><a style=\"color: #333399;\" href=\"https:\/\/www.futboltotal.com.mx\/2017\/09\/11-ideal-mls-incluyo-a-jonathan-dos-santos-ex-cruz-azul\/\" target=\"_blank\" rel=\"noopener noreferrer\">VER M\u00c1S: Un mexicano en el 11 ideal de la MLS<\/a><\/span><\/p>\n","protected":false},"excerpt":{"rendered":"<p>El defensa regalo comida a personas sin hogar de su natal Francia<\/p>\n","protected":false},"author":20,"featured_media":499501,"comment_status":"closed","ping_status":"closed","sticky":false,"template":"","format":"standard","meta":[],"categories":[3839],"tags":[978],"_links":{"self":[{"href":"http:\/\/desarrollo.grupomedios.com\/futbol\/wp-json\/wp\/v2\/posts\/499499"}],"collection":[{"href":"http:\/\/desarrollo.grupomedios.com\/futbol\/wp-json\/wp\/v2\/posts"}],"about":[{"href":"http:\/\/desarrollo.grupomedios.com\/futbol\/wp-json\/wp\/v2\/types\/post"}],"author":[{"embeddable":true,"href":"http:\/\/desarrollo.grupomedios.com\/futbol\/wp-json\/wp\/v2\/users\/20"}],"replies":[{"embeddable":true,"href":"http:\/\/desarrollo.grupomedios.com\/futbol\/wp-json\/wp\/v2\/comments?post=499499"}],"version-history":[{"count":1,"href":"http:\/\/desarrollo.grupomedios.com\/futbol\/wp-json\/wp\/v2\/posts\/499499\/revisions"}],"predecessor-version":[{"id":499502,"href":"http:\/\/desarrollo.grupomedios.com\/futbol\/wp-json\/wp\/v2\/posts\/499499\/revisions\/499502"}],"wp:featuredmedia":[{"embeddable":true,"href":"http:\/\/desarrollo.grupomedios.com\/futbol\/wp-json\/wp\/v2\/media\/499501"}],"wp:attachment":[{"href":"http:\/\/desarrollo.grupomedios.com\/futbol\/wp-json\/wp\/v2\/media?parent=499499"}],"wp:term":[{"taxonomy":"category","embeddable":true,"href":"http:\/\/desarrollo.grupomedios.com\/futbol\/wp-json\/wp\/v2\/categories?post=499499"},{"taxonomy":"post_tag","embeddable":true,"href":"http:\/\/desarrollo.grupomedios.com\/futbol\/wp-json\/wp\/v2\/tags?post=499499"}],"curies":[{"name":"wp","href":"https:\/\/api.w.org\/{rel}","templated":true}]}}