{"id":499512,"date":"2017-09-12T10:56:44","date_gmt":"2017-09-12T15:56:44","guid":{"rendered":"https:\/\/www.futboltotal.com.mx\/?p=499512"},"modified":"2017-09-12T10:56:44","modified_gmt":"2017-09-12T15:56:44","slug":"cruz-azul-jugara-partido-por-noble-causa","status":"publish","type":"post","link":"http:\/\/desarrollo.grupomedios.com\/futbol\/futbol-mexicano\/cruz-azul-jugara-partido-por-noble-causa\/2017\/09","title":{"rendered":"Cruz Azul jugar\u00e1 partido por noble causa"},"content":{"rendered":"<p>La <strong>m\u00e1quina<\/strong> aprovechar\u00e1 la <strong>fecha<\/strong> <strong>FIFA<\/strong> de octubre pr\u00f3ximo para no perder el ritmo, tener un partido amistoso y adem\u00e1s jugar un partido en beneficio de los m\u00e1s afectados por las actuales condiciones clim\u00e1ticas que han atacado algunas ciudades de los <strong>Estados<\/strong> <strong>Unidos<\/strong>.<\/p>\n<p>Este martes se ha confirmado que el <strong>5<\/strong> de <strong>octubre<\/strong>, cuando la liga vuelva a detenerse para disputarse la \u00faltima fecha de clasificatorios al <strong>Mundial<\/strong>, <strong>Cruz<\/strong> <strong>Azul<\/strong> jugar\u00e1 en el <strong>Estadio<\/strong> <strong>BBVA<\/strong> <strong>Compass<\/strong> un partido ante el <strong>Houston Dynamo<\/strong> que servir\u00e1 no solo para mantenerse en buen ritmo, sino que lo recaudado en este partido ser\u00e1 donado para los afectados por el hurac\u00e1n\u00a0<em>Harvey<\/em> que ha destrozado grandes partes de Estados Unidos.<\/p>\n<p style=\"text-align: center;\"><span style=\"color: #333399;\"><a style=\"color: #333399;\" href=\"https:\/\/www.futboltotal.com.mx\/2017\/09\/patrice-evra-ayuda-a-los-mas-necesitados\/\" target=\"_blank\" rel=\"noopener noreferrer\">VER M\u00c1S: Noble gesto de Patrice Evra<\/a><\/span><\/p>\n<p>&#8220;La Copa de Beneficios Dynamo de BBVA Compass, es una excelente tradici\u00f3n que seguimos construyendo cada a\u00f1o; la versi\u00f3n de este a\u00f1o tiene un prop\u00f3sito m\u00e1s significativo ya que buscamos apoyar a nuestra comunidad en estos tiempos dif\u00edciles<span class=\"redactor-invisible-space\">&#8220;, dijo <strong>Chris<\/strong> <strong>Canetti<\/strong>, presidente del equipo de la <strong>MLS<\/strong>.<\/span><\/p>\n","protected":false},"excerpt":{"rendered":"<p>La M\u00e1quina se medir\u00e1 el pr\u00f3ximo 5 de octubre al Houston Dynamo en Estados Unidos<\/p>\n","protected":false},"author":20,"featured_media":499514,"comment_status":"closed","ping_status":"closed","sticky":false,"template":"","format":"standard","meta":[],"categories":[2198,3845],"tags":[1762,5962,2763,356],"_links":{"self":[{"href":"http:\/\/desarrollo.grupomedios.com\/futbol\/wp-json\/wp\/v2\/posts\/499512"}],"collection":[{"href":"http:\/\/desarrollo.grupomedios.com\/futbol\/wp-json\/wp\/v2\/posts"}],"about":[{"href":"http:\/\/desarrollo.grupomedios.com\/futbol\/wp-json\/wp\/v2\/types\/post"}],"author":[{"embeddable":true,"href":"http:\/\/desarrollo.grupomedios.com\/futbol\/wp-json\/wp\/v2\/users\/20"}],"replies":[{"embeddable":true,"href":"http:\/\/desarrollo.grupomedios.com\/futbol\/wp-json\/wp\/v2\/comments?post=499512"}],"version-history":[{"count":1,"href":"http:\/\/desarrollo.grupomedios.com\/futbol\/wp-json\/wp\/v2\/posts\/499512\/revisions"}],"predecessor-version":[{"id":499515,"href":"http:\/\/desarrollo.grupomedios.com\/futbol\/wp-json\/wp\/v2\/posts\/499512\/revisions\/499515"}],"wp:featuredmedia":[{"embeddable":true,"href":"http:\/\/desarrollo.grupomedios.com\/futbol\/wp-json\/wp\/v2\/media\/499514"}],"wp:attachment":[{"href":"http:\/\/desarrollo.grupomedios.com\/futbol\/wp-json\/wp\/v2\/media?parent=499512"}],"wp:term":[{"taxonomy":"category","embeddable":true,"href":"http:\/\/desarrollo.grupomedios.com\/futbol\/wp-json\/wp\/v2\/categories?post=499512"},{"taxonomy":"post_tag","embeddable":true,"href":"http:\/\/desarrollo.grupomedios.com\/futbol\/wp-json\/wp\/v2\/tags?post=499512"}],"curies":[{"name":"wp","href":"https:\/\/api.w.org\/{rel}","templated":true}]}}