{"id":499544,"date":"2017-09-12T12:34:28","date_gmt":"2017-09-12T17:34:28","guid":{"rendered":"https:\/\/www.futboltotal.com.mx\/?p=499544"},"modified":"2017-09-12T12:34:28","modified_gmt":"2017-09-12T17:34:28","slug":"chicharito-sale-en-defensa-sergio-dipp","status":"publish","type":"post","link":"http:\/\/desarrollo.grupomedios.com\/futbol\/futbol-mexicano\/chicharito-sale-en-defensa-sergio-dipp\/2017\/09","title":{"rendered":"Chicharito sale en defensa de Sergio Dipp"},"content":{"rendered":"<p>El periodista <strong>Sergio Dipp<\/strong> fue tendencia n\u00famero uno en Twitter, en Estados Unidos, luego de <span style=\"color: #3366ff;\"><a style=\"color: #3366ff;\" href=\"https:\/\/www.futboltotal.com.mx\/2017\/09\/revientan-a-sergio-dipp-en-eu-trabarse-en-transmision-nfl\/\" target=\"_blank\" rel=\"noopener noreferrer\">las burlas que recibi\u00f3 por debutar en una transmisi\u00f3n en ingl\u00e9s<\/a><\/span> para el Monday Night Football de ESPN.<\/p>\n<p>El comentarista de \u00a029 a\u00f1os luci\u00f3 muy nervioso, situaci\u00f3n que los televidentes estadounideneses no desaprovecharon para criticarlo y de paso burlarse de su ingl\u00e9s.<\/p>\n<p style=\"text-align: center;\"><span style=\"color: #3366ff;\"><a style=\"color: #3366ff;\" href=\"https:\/\/www.futboltotal.com.mx\/2017\/09\/revientan-a-sergio-dipp-en-eu-trabarse-en-transmision-nfl\/\">VER M\u00c1S: Revientan a Sergio Dipp en EU por trabarse en transmisi\u00f3n de NFL<\/a><\/span><\/p>\n<blockquote class=\"twitter-tweet\" data-width=\"500\">\n<p lang=\"und\" dir=\"ltr\">WTF???<a href=\"https:\/\/t.co\/55yGxF6xkg\">pic.twitter.com\/55yGxF6xkg<\/a><\/p>\n<p>&mdash; Fake SportsCenter (@FakeSportsCentr) <a href=\"https:\/\/twitter.com\/FakeSportsCentr\/status\/907438145049899008\">September 12, 2017<\/a><\/p><\/blockquote>\n<p><script async src=\"\/\/platform.twitter.com\/widgets.js\" charset=\"utf-8\"><\/script><\/p>\n<p>Pero fue uno de sus grandes amigos, <strong>Javier Chicharito Hern\u00e1ndez<\/strong>, quien sali\u00f3 en su defensa, y le escribi\u00f3 una carta a trav\u00e9s dde su cuenta de Twitter donde destaca sus cualidades.<\/p>\n<p>&#8220;Eres un chingon @SergioADippW&#8221;, escribi\u00f3\u00a0<strong>Chicharito<\/strong>\u00a0para su amigo.<\/p>\n<blockquote class=\"twitter-tweet\" data-width=\"500\">\n<p lang=\"es\" dir=\"ltr\">Eres un chingon <a href=\"https:\/\/twitter.com\/SergioADippW\">@SergioADippW<\/a> <a href=\"https:\/\/t.co\/SFIbCgTnKR\">pic.twitter.com\/SFIbCgTnKR<\/a><\/p>\n<p>&mdash; Chicharito Hernandez (@CH14_) <a href=\"https:\/\/twitter.com\/CH14_\/status\/907584656773668864\">September 12, 2017<\/a><\/p><\/blockquote>\n<p><script async src=\"\/\/platform.twitter.com\/widgets.js\" charset=\"utf-8\"><\/script><\/p>\n","protected":false},"excerpt":{"rendered":"<p>El delantero mexicano mand\u00f3 apoyo a su amigo luego de las burlas que recibi\u00f3.<\/p>\n","protected":false},"author":20,"featured_media":499546,"comment_status":"closed","ping_status":"closed","sticky":false,"template":"","format":"standard","meta":[],"categories":[2198],"tags":[5460,120,10186],"_links":{"self":[{"href":"http:\/\/desarrollo.grupomedios.com\/futbol\/wp-json\/wp\/v2\/posts\/499544"}],"collection":[{"href":"http:\/\/desarrollo.grupomedios.com\/futbol\/wp-json\/wp\/v2\/posts"}],"about":[{"href":"http:\/\/desarrollo.grupomedios.com\/futbol\/wp-json\/wp\/v2\/types\/post"}],"author":[{"embeddable":true,"href":"http:\/\/desarrollo.grupomedios.com\/futbol\/wp-json\/wp\/v2\/users\/20"}],"replies":[{"embeddable":true,"href":"http:\/\/desarrollo.grupomedios.com\/futbol\/wp-json\/wp\/v2\/comments?post=499544"}],"version-history":[{"count":1,"href":"http:\/\/desarrollo.grupomedios.com\/futbol\/wp-json\/wp\/v2\/posts\/499544\/revisions"}],"predecessor-version":[{"id":499547,"href":"http:\/\/desarrollo.grupomedios.com\/futbol\/wp-json\/wp\/v2\/posts\/499544\/revisions\/499547"}],"wp:featuredmedia":[{"embeddable":true,"href":"http:\/\/desarrollo.grupomedios.com\/futbol\/wp-json\/wp\/v2\/media\/499546"}],"wp:attachment":[{"href":"http:\/\/desarrollo.grupomedios.com\/futbol\/wp-json\/wp\/v2\/media?parent=499544"}],"wp:term":[{"taxonomy":"category","embeddable":true,"href":"http:\/\/desarrollo.grupomedios.com\/futbol\/wp-json\/wp\/v2\/categories?post=499544"},{"taxonomy":"post_tag","embeddable":true,"href":"http:\/\/desarrollo.grupomedios.com\/futbol\/wp-json\/wp\/v2\/tags?post=499544"}],"curies":[{"name":"wp","href":"https:\/\/api.w.org\/{rel}","templated":true}]}}