{"id":499555,"date":"2017-09-12T13:24:09","date_gmt":"2017-09-12T18:24:09","guid":{"rendered":"https:\/\/www.futboltotal.com.mx\/?p=499555"},"modified":"2017-09-12T13:24:09","modified_gmt":"2017-09-12T18:24:09","slug":"lucero-alvarez-vuelve-a-entrenar-tras-lesion-cerca-del-ojo","status":"publish","type":"post","link":"http:\/\/desarrollo.grupomedios.com\/futbol\/futbol-mexicano\/lucero-alvarez-vuelve-a-entrenar-tras-lesion-cerca-del-ojo\/2017\/09","title":{"rendered":"Lucero \u00c1lvarez vuelve a entrenar tras lesi\u00f3n cerca del ojo"},"content":{"rendered":"<p>Han pasado 6 jornadas desde que el arquero, <strong>Lucero<\/strong> <strong>\u00c1lvarez<\/strong> tuvo que salir de emergencia en el duelo de la <strong>fecha<\/strong> <strong>2<\/strong> ante <strong>Quer\u00e9taro<\/strong> luego de un dur\u00edsimo encontronazo que provocara que casi perdiera el ojo y requiriera de una peligrosa operaci\u00f3n.<\/p>\n<p>Sin embargo el f\u00fatbol siempre entrega revanchas y para el <strong>uruguayo<\/strong> parece estar llegando, este martes se entren\u00f3 al parejo de sus compa\u00f1eros arqueros, trabaj\u00f3 junto a Francisco <strong>Canales<\/strong>, Jorge <strong>Villalpando<\/strong> y los arqueros del plantel de la sub 20. \u00c1lvarez report\u00f3 con la <em>manada<\/em>\u00a0desde la semana pasada pero \u00fanicamente hac\u00eda trabajos con pesas.<\/p>\n<p style=\"text-align: center;\"><span style=\"color: #333399;\"><a style=\"color: #333399;\" href=\"https:\/\/www.futboltotal.com.mx\/2017\/09\/la-garra-teniamos-la-misma-joaquin-botero\/\" target=\"_blank\" rel=\"noopener noreferrer\">VER M\u00c1S: Pumas perdi\u00f3 la garra de hace tiempo<\/a><\/span><\/p>\n<p>El arquero est\u00e1 intentando acelerar su regreso ya que <strong>Lobos<\/strong> no est\u00e1 carburando en el apertura 2017, despu\u00e9s de meterse en los primeros lugares de la general, ahora no ha ganado en 5 partidos y ya est\u00e1 en el <strong>\u00faltimo<\/strong> lugar de la tabla <strong>porcentual<\/strong>.<\/p>\n<p>El equipo de la <strong>BUAP<\/strong> a penas suma 8 puntos y se coloca en el lugar 13 de la tabla.<\/p>\n","protected":false},"excerpt":{"rendered":"<p>El arquero de Lobos entrena al parejo de sus compa\u00f1eros arqueros.<\/p>\n","protected":false},"author":20,"featured_media":499563,"comment_status":"closed","ping_status":"closed","sticky":false,"template":"","format":"standard","meta":[],"categories":[2198,3845],"tags":[431,9551],"_links":{"self":[{"href":"http:\/\/desarrollo.grupomedios.com\/futbol\/wp-json\/wp\/v2\/posts\/499555"}],"collection":[{"href":"http:\/\/desarrollo.grupomedios.com\/futbol\/wp-json\/wp\/v2\/posts"}],"about":[{"href":"http:\/\/desarrollo.grupomedios.com\/futbol\/wp-json\/wp\/v2\/types\/post"}],"author":[{"embeddable":true,"href":"http:\/\/desarrollo.grupomedios.com\/futbol\/wp-json\/wp\/v2\/users\/20"}],"replies":[{"embeddable":true,"href":"http:\/\/desarrollo.grupomedios.com\/futbol\/wp-json\/wp\/v2\/comments?post=499555"}],"version-history":[{"count":1,"href":"http:\/\/desarrollo.grupomedios.com\/futbol\/wp-json\/wp\/v2\/posts\/499555\/revisions"}],"predecessor-version":[{"id":499564,"href":"http:\/\/desarrollo.grupomedios.com\/futbol\/wp-json\/wp\/v2\/posts\/499555\/revisions\/499564"}],"wp:featuredmedia":[{"embeddable":true,"href":"http:\/\/desarrollo.grupomedios.com\/futbol\/wp-json\/wp\/v2\/media\/499563"}],"wp:attachment":[{"href":"http:\/\/desarrollo.grupomedios.com\/futbol\/wp-json\/wp\/v2\/media?parent=499555"}],"wp:term":[{"taxonomy":"category","embeddable":true,"href":"http:\/\/desarrollo.grupomedios.com\/futbol\/wp-json\/wp\/v2\/categories?post=499555"},{"taxonomy":"post_tag","embeddable":true,"href":"http:\/\/desarrollo.grupomedios.com\/futbol\/wp-json\/wp\/v2\/tags?post=499555"}],"curies":[{"name":"wp","href":"https:\/\/api.w.org\/{rel}","templated":true}]}}