{"id":499572,"date":"2017-09-12T14:06:19","date_gmt":"2017-09-12T19:06:19","guid":{"rendered":"https:\/\/www.futboltotal.com.mx\/?p=499572"},"modified":"2017-09-12T14:06:19","modified_gmt":"2017-09-12T19:06:19","slug":"mexico-tendra-juego-ante-polonia-previo-a-rusia-2018","status":"publish","type":"post","link":"http:\/\/desarrollo.grupomedios.com\/futbol\/futbol-mexicano\/mexico-tendra-juego-ante-polonia-previo-a-rusia-2018\/2017\/09","title":{"rendered":"M\u00e9xico tendr\u00e1 juego ante Polonia previo a Rusia 2018"},"content":{"rendered":"<p>La <strong>Selecci\u00f3n Mexicana<\/strong> est\u00e1 buscando rivales para la <strong>Fecha FIFA<\/strong> que estar\u00e1 del 5 al 15 de noviembre, en la que se ha concretado que habr\u00e1 una gira europea previa a su participaci\u00f3n en <strong>Rusia 2018<\/strong>.<\/p>\n<p>De acuerdo a <em>Mediotiempo<\/em>, el rival que se perfila es<strong> Polonia<\/strong>, pues para esa fecha el conjunto europeo ya estar\u00eda calificado a la justa mundialista, pero adem\u00e1s se busca a otro rival en el Viejo Continente.<\/p>\n<p style=\"text-align: center;\"><span style=\"color: #333399;\"><a style=\"color: #333399;\" href=\"https:\/\/www.futboltotal.com.mx\/2017\/09\/diego-maradona-elogia-a-ex-america\/\" target=\"_blank\" rel=\"noopener noreferrer\">VER M\u00c1S: Diego Maradona elogia a este ex de Am\u00e9rica<\/a><\/span><\/p>\n<p>De igual forma, el periodista <strong>John Sutcliffe<\/strong>, confirm\u00f3 esto en Twitter, e indic\u00f3 que en octubre se sabr\u00e1 el otro rival europeo.<\/p>\n<blockquote class=\"twitter-tweet\" data-conversation=\"none\" data-lang=\"es\">\n<p dir=\"ltr\" lang=\"es\">La selecci\u00f3n de Polonia &#x1f1f5;&#x1f1f1;<br \/>\nvs <a href=\"https:\/\/twitter.com\/miseleccionmx\">@miseleccionmx<\/a> &#x1f1f2;&#x1f1fd;<br \/>\nEn noviembre ,habr\u00e1 que esperar hasta octubre para saber el otro rival.<\/p>\n<p>Que opinan ?<\/p>\n<p>\u2014 John Sutcliffe (@espnsutcliffe) <a href=\"https:\/\/twitter.com\/espnsutcliffe\/status\/907654517096775680\">12 de septiembre de 2017<\/a><\/p><\/blockquote>\n<p><script async src=\"\/\/platform.twitter.com\/widgets.js\" charset=\"utf-8\"><\/script><\/p>\n<p style=\"text-align: center;\"><span style=\"color: #333399;\"><a style=\"color: #333399;\" href=\"https:\/\/www.futboltotal.com.mx\/2017\/09\/jorge-vergara-acudira-al-juzgado-violencia-familiar\/\" target=\"_blank\" rel=\"noopener noreferrer\">VER M\u00c1S: Jorge Vergara acudir\u00e1 al juzgado por violencia familiar<\/a><\/span><\/p>\n","protected":false},"excerpt":{"rendered":"<p>El Tri tendr\u00eda gira europea y ya habr\u00eda el primer confirmado<\/p>\n","protected":false},"author":159,"featured_media":497919,"comment_status":"closed","ping_status":"closed","sticky":false,"template":"","format":"standard","meta":[],"categories":[2198,3847],"tags":[361,65,1296,2232,409],"_links":{"self":[{"href":"http:\/\/desarrollo.grupomedios.com\/futbol\/wp-json\/wp\/v2\/posts\/499572"}],"collection":[{"href":"http:\/\/desarrollo.grupomedios.com\/futbol\/wp-json\/wp\/v2\/posts"}],"about":[{"href":"http:\/\/desarrollo.grupomedios.com\/futbol\/wp-json\/wp\/v2\/types\/post"}],"author":[{"embeddable":true,"href":"http:\/\/desarrollo.grupomedios.com\/futbol\/wp-json\/wp\/v2\/users\/159"}],"replies":[{"embeddable":true,"href":"http:\/\/desarrollo.grupomedios.com\/futbol\/wp-json\/wp\/v2\/comments?post=499572"}],"version-history":[{"count":1,"href":"http:\/\/desarrollo.grupomedios.com\/futbol\/wp-json\/wp\/v2\/posts\/499572\/revisions"}],"predecessor-version":[{"id":499573,"href":"http:\/\/desarrollo.grupomedios.com\/futbol\/wp-json\/wp\/v2\/posts\/499572\/revisions\/499573"}],"wp:featuredmedia":[{"embeddable":true,"href":"http:\/\/desarrollo.grupomedios.com\/futbol\/wp-json\/wp\/v2\/media\/497919"}],"wp:attachment":[{"href":"http:\/\/desarrollo.grupomedios.com\/futbol\/wp-json\/wp\/v2\/media?parent=499572"}],"wp:term":[{"taxonomy":"category","embeddable":true,"href":"http:\/\/desarrollo.grupomedios.com\/futbol\/wp-json\/wp\/v2\/categories?post=499572"},{"taxonomy":"post_tag","embeddable":true,"href":"http:\/\/desarrollo.grupomedios.com\/futbol\/wp-json\/wp\/v2\/tags?post=499572"}],"curies":[{"name":"wp","href":"https:\/\/api.w.org\/{rel}","templated":true}]}}