{"id":499604,"date":"2017-09-12T15:46:41","date_gmt":"2017-09-12T20:46:41","guid":{"rendered":"https:\/\/www.futboltotal.com.mx\/?p=499604"},"modified":"2017-09-12T15:47:21","modified_gmt":"2017-09-12T20:47:21","slug":"resultados-champions-league-celtic-0-5-psg","status":"publish","type":"post","link":"http:\/\/desarrollo.grupomedios.com\/futbol\/destacado-home\/resultados-champions-league-celtic-0-5-psg\/2017\/09","title":{"rendered":"La &#8216;MCN&#8217; del PSG aplast\u00f3 al Celtic en la Champions League"},"content":{"rendered":"<p>Con su poderoso tridente conformado por <strong>Mbapp\u00e9, Cavani y Neymar<\/strong>, el <strong>PSG<\/strong> demostr\u00f3 monstruosa ofensiva y derrot\u00f3 5-0 como visitante al <strong>Celtic<\/strong> en la Jornada 1 de la <strong>UEFA Champions League<\/strong>.<\/p>\n<blockquote class=\"twitter-tweet\" data-data-dnt=\"true\">\n<p lang=\"fr\" dir=\"ltr\">Fin du match avec cette large victoire (5-0) face au <a href=\"https:\/\/twitter.com\/CelticFC?ref_src=twsrc%5Etfw\">@celticfc<\/a> ! \ud83d\udcaa <a href=\"https:\/\/twitter.com\/hashtag\/CELPSG?src=hash&amp;ref_src=twsrc%5Etfw\">#CELPSG<\/a><a href=\"https:\/\/twitter.com\/hashtag\/LETSDREAM?src=hash&amp;ref_src=twsrc%5Etfw\">#LETSDREAM<\/a> <a href=\"https:\/\/t.co\/sOqmUm6YzU\">pic.twitter.com\/sOqmUm6YzU<\/a><\/p>\n<p>&mdash; Paris Saint-Germain (@PSG_inside) <a href=\"https:\/\/twitter.com\/PSG_inside\/status\/907705354682806273?ref_src=twsrc%5Etfw\">September 12, 2017<\/a><\/p><\/blockquote>\n<p><script async src=\"https:\/\/platform.twitter.com\/widgets.js\" charset=\"utf-8\"><\/script><\/p>\n<p>Desde el comienzo del partido los de Par\u00eds fueron superiores y r\u00e1pidamente buscaron adelantarse en el marcador, pues no prestaron en ning\u00fan momento al equipo escoc\u00e9s.<\/p>\n<p>El cero le dur\u00f3 poco al <strong>Celtic<\/strong> y fue por culpa de <strong>Neymar,<\/strong> que al minuto 19&#8242; abri\u00f3 el marcador para el primero del partido.<\/p>\n<blockquote class=\"twitter-video\" data-lang=\"es\">\n<p dir=\"ltr\" lang=\"es\">Primer gol de <a href=\"https:\/\/twitter.com\/hashtag\/Neymar?src=hash\">#Neymar<\/a> en <a href=\"https:\/\/twitter.com\/hashtag\/ChampionsLeague?src=hash\">#ChampionsLeague<\/a> con el PSG ante el Celtic <a href=\"https:\/\/t.co\/I2kIayf8g8\">pic.twitter.com\/I2kIayf8g8<\/a><\/p>\n<p>\u2014 Carlosfit (@kanitofit1) <a href=\"https:\/\/twitter.com\/kanitofit1\/status\/907683934879838210\">12 de septiembre de 2017<\/a><\/p><\/blockquote>\n<p><script async src=\"\/\/platform.twitter.com\/widgets.js\" charset=\"utf-8\"><\/script><\/p>\n<p>A partir de la primera anotaci\u00f3n, el conjunto de Unai Emery vivi\u00f3 un paseo. Entre <strong>Neymar, Cavani y Mbapp\u00e9<\/strong>, se encargaron de sentenciar el partido con un 0-3 al descanso.<\/p>\n<p>A pesar de que en la segunda mitad bajaron el ritmo, el t\u00e9cnico espa\u00f1ol dio entrada a una estrella m\u00e1s de su equipo y <strong>Julian Draxler<\/strong> fue al campo. El alem\u00e1n provoc\u00f3 el cuarto gol cuando el jugador del <strong>Celtic<\/strong>, Lustig, empuj\u00f3 el bal\u00f3n en su propia puerta.<\/p>\n<p>Para cerrar la noche perfecta, Edinson Cavani deleit\u00f3 al Celtic Park con un excelso remate de cabeza que marc\u00f3 el 0-5 para el <strong>PSG<\/strong>.<\/p>\n<blockquote class=\"twitter-video\" data-lang=\"es\">\n<p dir=\"ltr\" lang=\"es\">Qu\u00e9 9 es Cavani vaya bestia de gol. Ya le gustaria a Benzema hacer esto m\u00e1s seguido y no cada mil a\u00f1os. <a href=\"https:\/\/t.co\/pZZv74LWMF\">pic.twitter.com\/pZZv74LWMF<\/a><\/p>\n<p>\u2014 Armando Bale 2.0 \u2764 (@RmdBale14) <a href=\"https:\/\/twitter.com\/RmdBale14\/status\/907705318494392321\">12 de septiembre de 2017<\/a><\/p><\/blockquote>\n<p><script async src=\"\/\/platform.twitter.com\/widgets.js\" charset=\"utf-8\"><\/script><\/p>\n","protected":false},"excerpt":{"rendered":"<p>El nuevo tridente parisino se estren\u00f3 en Escocia.<\/p>\n","protected":false},"author":129,"featured_media":499613,"comment_status":"closed","ping_status":"closed","sticky":false,"template":"","format":"standard","meta":[],"categories":[5,3839],"tags":[2449,2024,36,8554,6001,114],"_links":{"self":[{"href":"http:\/\/desarrollo.grupomedios.com\/futbol\/wp-json\/wp\/v2\/posts\/499604"}],"collection":[{"href":"http:\/\/desarrollo.grupomedios.com\/futbol\/wp-json\/wp\/v2\/posts"}],"about":[{"href":"http:\/\/desarrollo.grupomedios.com\/futbol\/wp-json\/wp\/v2\/types\/post"}],"author":[{"embeddable":true,"href":"http:\/\/desarrollo.grupomedios.com\/futbol\/wp-json\/wp\/v2\/users\/129"}],"replies":[{"embeddable":true,"href":"http:\/\/desarrollo.grupomedios.com\/futbol\/wp-json\/wp\/v2\/comments?post=499604"}],"version-history":[{"count":2,"href":"http:\/\/desarrollo.grupomedios.com\/futbol\/wp-json\/wp\/v2\/posts\/499604\/revisions"}],"predecessor-version":[{"id":499616,"href":"http:\/\/desarrollo.grupomedios.com\/futbol\/wp-json\/wp\/v2\/posts\/499604\/revisions\/499616"}],"wp:featuredmedia":[{"embeddable":true,"href":"http:\/\/desarrollo.grupomedios.com\/futbol\/wp-json\/wp\/v2\/media\/499613"}],"wp:attachment":[{"href":"http:\/\/desarrollo.grupomedios.com\/futbol\/wp-json\/wp\/v2\/media?parent=499604"}],"wp:term":[{"taxonomy":"category","embeddable":true,"href":"http:\/\/desarrollo.grupomedios.com\/futbol\/wp-json\/wp\/v2\/categories?post=499604"},{"taxonomy":"post_tag","embeddable":true,"href":"http:\/\/desarrollo.grupomedios.com\/futbol\/wp-json\/wp\/v2\/tags?post=499604"}],"curies":[{"name":"wp","href":"https:\/\/api.w.org\/{rel}","templated":true}]}}