{"id":499614,"date":"2017-09-12T15:59:05","date_gmt":"2017-09-12T20:59:05","guid":{"rendered":"https:\/\/www.futboltotal.com.mx\/?p=499614"},"modified":"2017-09-12T15:59:05","modified_gmt":"2017-09-12T20:59:05","slug":"el-regreso-de-pulido-esta-cada-vez-mas-cerca","status":"publish","type":"post","link":"http:\/\/desarrollo.grupomedios.com\/futbol\/futbol-mexicano\/el-regreso-de-pulido-esta-cada-vez-mas-cerca\/2017\/09","title":{"rendered":"El regreso de Pulido est\u00e1 cada vez m\u00e1s cerca"},"content":{"rendered":"<p>El delantero estelar de las <strong>Chivas<\/strong>, <strong>Alan<\/strong> <strong>Pulido<\/strong>, est\u00e1 cada vez m\u00e1s cerca de las canchas, aunque a\u00fan no est\u00e1 al 100%, la lesi\u00f3n que tuvo en el h\u00famero en el duelo amistoso de la <strong>Selecci\u00f3n<\/strong> <strong>Mexicana<\/strong> ante el combinado de Paraguay parece estar quedando poco a poco atr\u00e1s.<\/p>\n<p>Esta ma\u00f1ana en las instalaciones de <strong>verde<\/strong> <strong>valle<\/strong>, se pudo ver al atacante trabajando junto a los compa\u00f1eros que no vieron acci\u00f3n en el duelo ante los\u00a0<em><strong>tuzos<\/strong>\u00a0<\/em>de la pasada jornada pero \u00fanicamente con toques de bal\u00f3n y disparos a la porter\u00eda, no le permitieron hacer trabajo de contacto f\u00edsico, est\u00e1n esperando que llegue al 100%.<\/p>\n<p><strong>Pulido<\/strong> comparti\u00f3 dicho entrenamiento con jugadores como Carlos <strong>Salcido<\/strong>, Carlos <strong>Cisneros<\/strong> y <strong>Orbel\u00edn<\/strong> Pineda adem\u00e1s de algunos compa\u00f1eros m\u00e1s.<\/p>\n<p style=\"text-align: center;\"><span style=\"color: #333399;\"><a style=\"color: #333399;\" href=\"https:\/\/www.futboltotal.com.mx\/2017\/09\/primer-gol-messi-en-historia-a-gianluigi-buffon\/\" target=\"_blank\" rel=\"noopener noreferrer\">VER M\u00c1S: Messi logra anotarle por primera vez a\u00a0este portero<\/a><\/span><\/p>\n<p>El nacido en Tamaulipas, est\u00e1 descartado para el juego de este fin de semana donde las <strong>Chivas<\/strong> reciben en su estadio a los <strong>Pumas<\/strong> y tambi\u00e9n lo estar\u00e1 para el de la <strong>jornada<\/strong> <strong>10<\/strong> cu\u00e1ndo el\u00a0<strong><em>reba\u00f1o<\/em><\/strong> visite la capital para medirse al <strong>Am\u00e9rica<\/strong> en el gran cl\u00e1sico nacional. Su regreso se podr\u00eda dar hasta la jornada 11 cu\u00e1ndo los tapat\u00edos visiten a <strong>Tigres<\/strong>.<\/p>\n<p>Pulido Izaguirre estar\u00eda regresando a la actividad normal, ante el equipo que una vez le cerr\u00f3 las puertas y con el que sostuvo un duro pleito antes de firmar con el equipo de Jorge Vergara.<\/p>\n","protected":false},"excerpt":{"rendered":"<p>Con ligeros toques y disparos de porter\u00eda, Pulido se prepara para volver a las canchas.<\/p>\n","protected":false},"author":20,"featured_media":499624,"comment_status":"closed","ping_status":"closed","sticky":false,"template":"","format":"standard","meta":[],"categories":[2198,3845],"tags":[1607,70,6612],"_links":{"self":[{"href":"http:\/\/desarrollo.grupomedios.com\/futbol\/wp-json\/wp\/v2\/posts\/499614"}],"collection":[{"href":"http:\/\/desarrollo.grupomedios.com\/futbol\/wp-json\/wp\/v2\/posts"}],"about":[{"href":"http:\/\/desarrollo.grupomedios.com\/futbol\/wp-json\/wp\/v2\/types\/post"}],"author":[{"embeddable":true,"href":"http:\/\/desarrollo.grupomedios.com\/futbol\/wp-json\/wp\/v2\/users\/20"}],"replies":[{"embeddable":true,"href":"http:\/\/desarrollo.grupomedios.com\/futbol\/wp-json\/wp\/v2\/comments?post=499614"}],"version-history":[{"count":1,"href":"http:\/\/desarrollo.grupomedios.com\/futbol\/wp-json\/wp\/v2\/posts\/499614\/revisions"}],"predecessor-version":[{"id":499625,"href":"http:\/\/desarrollo.grupomedios.com\/futbol\/wp-json\/wp\/v2\/posts\/499614\/revisions\/499625"}],"wp:featuredmedia":[{"embeddable":true,"href":"http:\/\/desarrollo.grupomedios.com\/futbol\/wp-json\/wp\/v2\/media\/499624"}],"wp:attachment":[{"href":"http:\/\/desarrollo.grupomedios.com\/futbol\/wp-json\/wp\/v2\/media?parent=499614"}],"wp:term":[{"taxonomy":"category","embeddable":true,"href":"http:\/\/desarrollo.grupomedios.com\/futbol\/wp-json\/wp\/v2\/categories?post=499614"},{"taxonomy":"post_tag","embeddable":true,"href":"http:\/\/desarrollo.grupomedios.com\/futbol\/wp-json\/wp\/v2\/tags?post=499614"}],"curies":[{"name":"wp","href":"https:\/\/api.w.org\/{rel}","templated":true}]}}