{"id":499627,"date":"2017-09-12T16:54:29","date_gmt":"2017-09-12T21:54:29","guid":{"rendered":"https:\/\/www.futboltotal.com.mx\/?p=499627"},"modified":"2017-09-12T16:54:29","modified_gmt":"2017-09-12T21:54:29","slug":"a-palencia-le-duele-ver-a-pumas-en-el-fondo","status":"publish","type":"post","link":"http:\/\/desarrollo.grupomedios.com\/futbol\/futbol-mexicano\/a-palencia-le-duele-ver-a-pumas-en-el-fondo\/2017\/09","title":{"rendered":"A Palencia le duele ver a Pumas en el fondo"},"content":{"rendered":"<p>Francisco <strong>Palencia<\/strong> no pudo hacer grandes cosas con los <strong>Pumas<\/strong>, desde su llegada ten\u00eda a un plantel corto y bastante limitado, como el caso de Tigres, Monterrey, Am\u00e9rica o algunos otros, el\u00a0<strong><em>gatillero<\/em><\/strong> no se pod\u00eda dar el lujo de hacer rotaciones o cambiar jugadores importantes ya que los j\u00f3venes que ten\u00eda tampoco estaban aptos para suplirlos.<\/p>\n<p>Esta tarde en una <strong>entrevista<\/strong> para &#8220;FOX Radio&#8221;, Palencia fue cuestionado sobre la actualidad de los universitarios y su etapa al frente del club, &#8220;Lo que te puedo decir es, el primer torneo calificamos era un equipo que yo conoc\u00eda desde el primer minuto de la pretemporada, el segundo torneo no pude tener el mismo equipo completo desde la fecha 10 que fue cuando Pumas se cay\u00f3. Y esta temporada no pude trabajar nunca con el equipo que me hab\u00edan preparado. Pero no me sabe nada bien porque es una instituci\u00f3n que quiero&#8221;, declar\u00f3.<\/p>\n<p>Tambi\u00e9n habl\u00f3 de las exigencias que tiene la afici\u00f3n de Pumas a lo que Palencia respondi\u00f3, &#8220;No se puede todo en la vida, qu\u00e9 m\u00e1s quisiera uno. Hay dos equipos muy especiales en el f\u00fatbol mexicano. Uno es <strong>Chivas<\/strong> que lo est\u00e1 haciendo bien con puros mexicanos y otro <strong>Pumas<\/strong> que le daba mucha oportunidad a los jugadores j\u00f3venes pero ahora muchos equipos se les da oportunidad a la cantera y ya no se van solo a Pumas&#8221;.<\/p>\n<p>Destac\u00f3 el trabajo que intent\u00f3 hacer con los j\u00f3venes m\u00e1s en espec\u00edfico con el caso de <strong>Figueroa<\/strong> y Jes\u00fas <strong>Gallardo<\/strong> que \u00e9l ascendi\u00f3 desde la segunda divisi\u00f3n y Gallardo ahora ya es material inclusive de Selecci\u00f3n Nacional.<\/p>\n<p style=\"text-align: center;\"><span style=\"color: #333399;\"><a style=\"color: #333399;\" href=\"https:\/\/www.futboltotal.com.mx\/2017\/09\/resultados-champions-league-celtic-0-5-psg\/\" target=\"_blank\" rel=\"noopener noreferrer\">VER M\u00c1S: Exhibici\u00f3n del millonario tridente del PSG en Champions<\/a><\/span><\/p>\n<p>El ex futbolista habl\u00f3 del tema de Sergio <strong>Egea<\/strong> y coment\u00f3 que nunca ha pensado mal que despu\u00e9s de abandonar la instituci\u00f3n, fuera \u00e9l qui\u00e9n tomara su puesto; &#8220;Soy una persona que no es mala vibra, nunca trata de pensar mal, la verdad es que yo le deseo bien a Pumas, soy muy trabajador, met\u00f3dico, analista y hablo mucho con los chicos&#8221;.<\/p>\n<p>Tambi\u00e9n asegur\u00f3 que el equipo del Pedregal ha descuidado mucho el tema de sus fuerzas b\u00e1sicas y ya no le dan oportunidad a los j\u00f3venes como el s\u00ed lo intentaba hacer, &#8220;Se descuidaron la fuerzas b\u00e1sicas, nosotros intentamos y lo digo con ejemplos, \u00a0con Gallardo trabajamos un mont\u00f3n para que se consolidarizara. Figueroa que tambi\u00e9n estaba en segunda divisi\u00f3n creo que puede ser un referente en primera divisi\u00f3n; <strong>Escamilla<\/strong> que no ha jugado nada desde que yo me voy y ha sido seleccionado. Es un trabajo que lleva mucho tiempo&#8221;.<\/p>\n<p>Finalmente, el ex t\u00e9cnico de los Pumas asegur\u00f3 que si no le dan las armas a cualquier entrenador, los felinos seguir\u00e1n sin avanzar y continuar\u00e1n con la mala racha.<\/p>\n<p>&nbsp;<\/p>\n","protected":false},"excerpt":{"rendered":"<p>No culp\u00f3 a Egea pero reconoci\u00f3 que dejaron de hacer cosas con la cantera.<\/p>\n","protected":false},"author":163,"featured_media":499659,"comment_status":"closed","ping_status":"closed","sticky":false,"template":"","format":"standard","meta":[],"categories":[2198,3845],"tags":[5219,74,2491],"_links":{"self":[{"href":"http:\/\/desarrollo.grupomedios.com\/futbol\/wp-json\/wp\/v2\/posts\/499627"}],"collection":[{"href":"http:\/\/desarrollo.grupomedios.com\/futbol\/wp-json\/wp\/v2\/posts"}],"about":[{"href":"http:\/\/desarrollo.grupomedios.com\/futbol\/wp-json\/wp\/v2\/types\/post"}],"author":[{"embeddable":true,"href":"http:\/\/desarrollo.grupomedios.com\/futbol\/wp-json\/wp\/v2\/users\/163"}],"replies":[{"embeddable":true,"href":"http:\/\/desarrollo.grupomedios.com\/futbol\/wp-json\/wp\/v2\/comments?post=499627"}],"version-history":[{"count":1,"href":"http:\/\/desarrollo.grupomedios.com\/futbol\/wp-json\/wp\/v2\/posts\/499627\/revisions"}],"predecessor-version":[{"id":499660,"href":"http:\/\/desarrollo.grupomedios.com\/futbol\/wp-json\/wp\/v2\/posts\/499627\/revisions\/499660"}],"wp:featuredmedia":[{"embeddable":true,"href":"http:\/\/desarrollo.grupomedios.com\/futbol\/wp-json\/wp\/v2\/media\/499659"}],"wp:attachment":[{"href":"http:\/\/desarrollo.grupomedios.com\/futbol\/wp-json\/wp\/v2\/media?parent=499627"}],"wp:term":[{"taxonomy":"category","embeddable":true,"href":"http:\/\/desarrollo.grupomedios.com\/futbol\/wp-json\/wp\/v2\/categories?post=499627"},{"taxonomy":"post_tag","embeddable":true,"href":"http:\/\/desarrollo.grupomedios.com\/futbol\/wp-json\/wp\/v2\/tags?post=499627"}],"curies":[{"name":"wp","href":"https:\/\/api.w.org\/{rel}","templated":true}]}}