{"id":499653,"date":"2017-09-12T16:47:23","date_gmt":"2017-09-12T21:47:23","guid":{"rendered":"https:\/\/www.futboltotal.com.mx\/?p=499653"},"modified":"2017-09-12T16:47:23","modified_gmt":"2017-09-12T21:47:23","slug":"aficionado-celtic-trato-agredir-a-mbappe","status":"publish","type":"post","link":"http:\/\/desarrollo.grupomedios.com\/futbol\/futbol-internacional\/aficionado-celtic-trato-agredir-a-mbappe\/2017\/09","title":{"rendered":"Aficionado de Celtic trat\u00f3 de agredir a Mbapp\u00e9"},"content":{"rendered":"<p>Un aficionado\u00a0del <strong>Celtic<\/strong> irrumpi\u00f3 en el terreno de juego\u00a0durante el partido ante <strong>Paris Saint-Germain\u00a0<\/strong>en la <strong>Champions League<\/strong>.<\/p>\n<p>El hincha fue desalojado de la cancha r\u00e1pidamente por elementos de seguridad y fue abucheado\u00a0al ser sacado de la cancha.<\/p>\n<p style=\"text-align: center;\"><span style=\"color: #333399;\"><a style=\"color: #333399;\" href=\"https:\/\/www.futboltotal.com.mx\/2017\/09\/para-el-puskas-increible-gol-de-zappacosta-con-el-chelsea\/\" target=\"_blank\" rel=\"noopener noreferrer\">VER M\u00c1S: El incre\u00edble gol de Zappacosta con el Chelsea<\/a><\/span><\/p>\n<p>Las im\u00e1genes muestran que se acerc\u00f3 al joven franc\u00e9s\u00a0<strong>Kylian Mbapp\u00e9<\/strong> y medios brit\u00e1nicos informaron que intent\u00f3 darle una patada al delantero del PSG sin tener \u00e9xito.<\/p>\n<p><a href=\"https:\/\/www.futboltotal.com.mx\/wp-content\/uploads\/2017\/09\/mbappe\u0301-fana\u0301tico.jpg\"><img decoding=\"async\" loading=\"lazy\" class=\"alignnone size-full wp-image-499656\" src=\"https:\/\/www.futboltotal.com.mx\/wp-content\/uploads\/2017\/09\/mbappe\u0301-fana\u0301tico.jpg\" alt=\"Aficionado de Celtic trat\u00f3 de agredir a Mbapp\u00e9 0\" srcset=\"http:\/\/desarrollo.grupomedios.com\/futbol\/wp-content\/uploads\/2017\/09\/mbappe\u0301-fana\u0301tico.jpg 1199w, http:\/\/desarrollo.grupomedios.com\/futbol\/wp-content\/uploads\/2017\/09\/mbappe\u0301-fana\u0301tico-300x190.jpg 300w, http:\/\/desarrollo.grupomedios.com\/futbol\/wp-content\/uploads\/2017\/09\/mbappe\u0301-fana\u0301tico-768x487.jpg 768w, http:\/\/desarrollo.grupomedios.com\/futbol\/wp-content\/uploads\/2017\/09\/mbappe\u0301-fana\u0301tico-1024x650.jpg 1024w\" sizes=\"(max-width: 1199px) 100vw, 1199px\" \/><\/a><\/p>\n<p style=\"text-align: center;\"><span style=\"color: #333399;\"><a style=\"color: #333399;\" href=\"https:\/\/www.futboltotal.com.mx\/2017\/09\/los-memes-martes-la-uefa-champions-league\/\" target=\"_blank\" rel=\"noopener noreferrer\">VER M\u00c1S: Los memes de la Jornada del martes de Champions League<\/a><\/span><\/p>\n","protected":false},"excerpt":{"rendered":"<p>Elementos de seguridad tuvieron que intervenir<\/p>\n","protected":false},"author":20,"featured_media":499657,"comment_status":"closed","ping_status":"closed","sticky":false,"template":"","format":"standard","meta":[],"categories":[3839],"tags":[2024,36,8525,114],"_links":{"self":[{"href":"http:\/\/desarrollo.grupomedios.com\/futbol\/wp-json\/wp\/v2\/posts\/499653"}],"collection":[{"href":"http:\/\/desarrollo.grupomedios.com\/futbol\/wp-json\/wp\/v2\/posts"}],"about":[{"href":"http:\/\/desarrollo.grupomedios.com\/futbol\/wp-json\/wp\/v2\/types\/post"}],"author":[{"embeddable":true,"href":"http:\/\/desarrollo.grupomedios.com\/futbol\/wp-json\/wp\/v2\/users\/20"}],"replies":[{"embeddable":true,"href":"http:\/\/desarrollo.grupomedios.com\/futbol\/wp-json\/wp\/v2\/comments?post=499653"}],"version-history":[{"count":1,"href":"http:\/\/desarrollo.grupomedios.com\/futbol\/wp-json\/wp\/v2\/posts\/499653\/revisions"}],"predecessor-version":[{"id":499658,"href":"http:\/\/desarrollo.grupomedios.com\/futbol\/wp-json\/wp\/v2\/posts\/499653\/revisions\/499658"}],"wp:featuredmedia":[{"embeddable":true,"href":"http:\/\/desarrollo.grupomedios.com\/futbol\/wp-json\/wp\/v2\/media\/499657"}],"wp:attachment":[{"href":"http:\/\/desarrollo.grupomedios.com\/futbol\/wp-json\/wp\/v2\/media?parent=499653"}],"wp:term":[{"taxonomy":"category","embeddable":true,"href":"http:\/\/desarrollo.grupomedios.com\/futbol\/wp-json\/wp\/v2\/categories?post=499653"},{"taxonomy":"post_tag","embeddable":true,"href":"http:\/\/desarrollo.grupomedios.com\/futbol\/wp-json\/wp\/v2\/tags?post=499653"}],"curies":[{"name":"wp","href":"https:\/\/api.w.org\/{rel}","templated":true}]}}