{"id":499714,"date":"2017-09-12T19:09:11","date_gmt":"2017-09-13T00:09:11","guid":{"rendered":"https:\/\/www.futboltotal.com.mx\/?p=499714"},"modified":"2017-09-12T19:09:11","modified_gmt":"2017-09-13T00:09:11","slug":"quiero-nocaut-canelo-alvarez","status":"publish","type":"post","link":"http:\/\/desarrollo.grupomedios.com\/futbol\/box\/quiero-nocaut-canelo-alvarez\/2017\/09","title":{"rendered":"Quiero el nocaut: &#8216;Canelo&#8217; \u00c1lvarez"},"content":{"rendered":"<p>El boxeador mexicano <strong>Sa\u00fal &#8216;Canelo&#8217; \u00c1lvarez<\/strong> lleg\u00f3 a Las Vegas este martes para enfrentar al kazajo <strong>Gennady Golovkin<\/strong>.<\/p>\n<p>En su llegada, el &#8216;Canelo&#8217; afirm\u00f3 en la cadena <em>ESPN\u00a0<\/em>que se ha preparado espec\u00edficamente para noquear a su contrincante y salir victorioso del T-Mobile Arena de Las Vegas, Nevada.<\/p>\n<p style=\"text-align: center;\"><span style=\"color: #333399;\"><a style=\"color: #333399;\" href=\"https:\/\/www.futboltotal.com.mx\/2017\/09\/enrique-burak-revela-pasado-algunos-comentaristas-deportivos\/\">VER M\u00c1S:\u00a0<span class=\"item-title\">Enrique Burak revela pasado de algunos comentaristas deportivos<\/span><\/a><\/span><\/p>\n<p>&#8220;Estoy muy preparado y he pensado en el nocaut, porque es una pelea que se va a definir as\u00ed y esperemos que salgamos adelante y con la victoria&#8221;, se\u00f1al\u00f3 Sa\u00fal \u00c1lvarez.<\/p>\n<p>Por su parte, Gennady Golovkin se\u00f1al\u00f3 que est\u00e1 muy emocionado por estar en una pelea estelar, pero dej\u00f3 en claro que es &#8220;su pelea m\u00e1s grande&#8221; porque &#8220;&#8216;Canelo&#8217; es un peleador muy especial y yo soy el campe\u00f3n&#8221;.<\/p>\n<p style=\"text-align: center;\"><span style=\"color: #333399;\"><a style=\"color: #333399;\" href=\"https:\/\/www.futboltotal.com.mx\/2017\/09\/espana-francia-rival-del-tri-en-noviembre\/\">VER M\u00c1S:\u00a0<span class=\"item-title\">Espa\u00f1a o Francia, para rival del Tri en noviembre<\/span><\/a><\/span><\/p>\n<p>&nbsp;<\/p>\n","protected":false},"excerpt":{"rendered":"<p>La pelea es muy importante para mi carrera y s\u00f3lo me interesa ganar<\/p>\n","protected":false},"author":20,"featured_media":499718,"comment_status":"closed","ping_status":"closed","sticky":false,"template":"","format":"standard","meta":[],"categories":[6282,6411],"tags":[9117,8004],"_links":{"self":[{"href":"http:\/\/desarrollo.grupomedios.com\/futbol\/wp-json\/wp\/v2\/posts\/499714"}],"collection":[{"href":"http:\/\/desarrollo.grupomedios.com\/futbol\/wp-json\/wp\/v2\/posts"}],"about":[{"href":"http:\/\/desarrollo.grupomedios.com\/futbol\/wp-json\/wp\/v2\/types\/post"}],"author":[{"embeddable":true,"href":"http:\/\/desarrollo.grupomedios.com\/futbol\/wp-json\/wp\/v2\/users\/20"}],"replies":[{"embeddable":true,"href":"http:\/\/desarrollo.grupomedios.com\/futbol\/wp-json\/wp\/v2\/comments?post=499714"}],"version-history":[{"count":1,"href":"http:\/\/desarrollo.grupomedios.com\/futbol\/wp-json\/wp\/v2\/posts\/499714\/revisions"}],"predecessor-version":[{"id":499719,"href":"http:\/\/desarrollo.grupomedios.com\/futbol\/wp-json\/wp\/v2\/posts\/499714\/revisions\/499719"}],"wp:featuredmedia":[{"embeddable":true,"href":"http:\/\/desarrollo.grupomedios.com\/futbol\/wp-json\/wp\/v2\/media\/499718"}],"wp:attachment":[{"href":"http:\/\/desarrollo.grupomedios.com\/futbol\/wp-json\/wp\/v2\/media?parent=499714"}],"wp:term":[{"taxonomy":"category","embeddable":true,"href":"http:\/\/desarrollo.grupomedios.com\/futbol\/wp-json\/wp\/v2\/categories?post=499714"},{"taxonomy":"post_tag","embeddable":true,"href":"http:\/\/desarrollo.grupomedios.com\/futbol\/wp-json\/wp\/v2\/tags?post=499714"}],"curies":[{"name":"wp","href":"https:\/\/api.w.org\/{rel}","templated":true}]}}