{"id":499726,"date":"2017-09-13T17:54:33","date_gmt":"2017-09-13T22:54:33","guid":{"rendered":"https:\/\/www.futboltotal.com.mx\/?p=499726"},"modified":"2017-09-13T23:06:45","modified_gmt":"2017-09-14T04:06:45","slug":"atlante-vs-puebla-copa-mx","status":"publish","type":"post","link":"http:\/\/desarrollo.grupomedios.com\/futbol\/futbol-mexicano\/atlante-vs-puebla-copa-mx\/2017\/09","title":{"rendered":"MINUTO A MINUTO | Atlante vs Puebla, se juegan los \u00faltimos boletos"},"content":{"rendered":"<div><iframe src=\"https:\/\/en-vivo.futboltotal.com.mx\/embed.php\/?id=283\" width=\"100%\" id=\"frame_minuto\"><\/iframe><\/div>\n<p>Los <em>Potros de Hierro<\/em> del <strong>Atlante<\/strong> reciben la visita de la <em>Franja<\/em> de <strong>Puebla<\/strong> en el duelo de la jornada 6 de la Copa MX.<\/p>\n<p>El cuadro poblano se encuentra dentro de los 16 equipos clasificados hasta el momento, pero la tabla a\u00fan se puede mover por lo que necesita una victoria para asegurar su pase a los octavos.<\/p>\n<p style=\"text-align: center;\"><span style=\"color: #333399;\"><a style=\"color: #333399;\" href=\"https:\/\/www.futboltotal.com.mx\/2017\/09\/la-mejor-version-de-rayados-es-con-Mohamed\/\">VER M\u00c1S:\u00a0<span class=\"item-title\">La mejor versi\u00f3n de Rayados es con Mohamed<\/span><\/a><\/span><\/p>\n<p>Puebla actualmente es uno de los peores segundos lugares, pero esto podr\u00eda cambiar si sale airoso de su visita al Andr\u00e9s Quintana Roo.<\/p>\n<p>La situaci\u00f3n no es f\u00e1cil, porque la Franja actualmente es el colero general del Apertura 2017, y est\u00e1 en la lucha por el no descenso.<\/p>\n<p>&nbsp;<\/p>\n","protected":false},"excerpt":{"rendered":"<p>Se juega la \u00faltima jornada de la fase de grupos de la Copa MX<\/p>\n","protected":false},"author":20,"featured_media":499731,"comment_status":"closed","ping_status":"closed","sticky":false,"template":"","format":"standard","meta":[],"categories":[4247,2198],"tags":[5960,285,5969],"_links":{"self":[{"href":"http:\/\/desarrollo.grupomedios.com\/futbol\/wp-json\/wp\/v2\/posts\/499726"}],"collection":[{"href":"http:\/\/desarrollo.grupomedios.com\/futbol\/wp-json\/wp\/v2\/posts"}],"about":[{"href":"http:\/\/desarrollo.grupomedios.com\/futbol\/wp-json\/wp\/v2\/types\/post"}],"author":[{"embeddable":true,"href":"http:\/\/desarrollo.grupomedios.com\/futbol\/wp-json\/wp\/v2\/users\/20"}],"replies":[{"embeddable":true,"href":"http:\/\/desarrollo.grupomedios.com\/futbol\/wp-json\/wp\/v2\/comments?post=499726"}],"version-history":[{"count":3,"href":"http:\/\/desarrollo.grupomedios.com\/futbol\/wp-json\/wp\/v2\/posts\/499726\/revisions"}],"predecessor-version":[{"id":499980,"href":"http:\/\/desarrollo.grupomedios.com\/futbol\/wp-json\/wp\/v2\/posts\/499726\/revisions\/499980"}],"wp:featuredmedia":[{"embeddable":true,"href":"http:\/\/desarrollo.grupomedios.com\/futbol\/wp-json\/wp\/v2\/media\/499731"}],"wp:attachment":[{"href":"http:\/\/desarrollo.grupomedios.com\/futbol\/wp-json\/wp\/v2\/media?parent=499726"}],"wp:term":[{"taxonomy":"category","embeddable":true,"href":"http:\/\/desarrollo.grupomedios.com\/futbol\/wp-json\/wp\/v2\/categories?post=499726"},{"taxonomy":"post_tag","embeddable":true,"href":"http:\/\/desarrollo.grupomedios.com\/futbol\/wp-json\/wp\/v2\/tags?post=499726"}],"curies":[{"name":"wp","href":"https:\/\/api.w.org\/{rel}","templated":true}]}}